{"id":59564,"date":"2020-03-27T17:05:17","date_gmt":"2020-03-27T20:05:17","guid":{"rendered":"https:\/\/www.actualidadadiario.com\/?p=59564"},"modified":"2020-03-27T17:05:17","modified_gmt":"2020-03-27T20:05:17","slug":"coronavirus-el-gobernador-hablo-de-la-crisis-sanitaria-y-economica","status":"publish","type":"post","link":"https:\/\/www.actualidadadiario.com\/index.php\/2020\/03\/27\/coronavirus-el-gobernador-hablo-de-la-crisis-sanitaria-y-economica\/","title":{"rendered":"Coronavirus: El gobernador habl\u00f3 de la crisis sanitaria y econ\u00f3mica"},"content":{"rendered":"<p style=\"text-align: center;\"><em><strong>El Gobierno de Entre R\u00edos brind\u00f3 el informe del estado de situaci\u00f3n provincial en relaci\u00f3n al Coronavirus<\/strong><\/em><\/p>\n<p>&nbsp;<\/p>\n<p>&nbsp;<\/p>\n<p>El gobernador brind\u00f3 este viernes una nueva conferencia por plataforma virtual, junto al secretario de Justicia, Pablo Biaggini, el director de Epidemiolog\u00eda Diego Garzilazo; y la titular del Iprodi, In\u00e9s Artusi.<\/p>\n<p>\u201cDurante la semana hemos tomado acciones que tienen que ver con intensificar las obras de hospital de La Baxada\u201d, explic\u00f3 y adelant\u00f3 que en ocho d\u00edas estar\u00e1n habilitadas 20 camas con 20 respiradores, y 160 camas para internaci\u00f3n de pacientes que no requieran asistencia respiratoria\u201d.\u00a0 Sum\u00f3 a eso, la primera partida de alcohol en gel por parte de laboratorios entrerrianos y la pr\u00f3xima producci\u00f3n de paracetamol.<\/p>\n<p>\u201cHe dado las instrucciones precisas al jefe de la Polic\u00eda para que intensifique los controles en los accesos a nuestra provincial. Lo estamos haciendo con mucha rigurosidad en el T\u00fanel Subfluvial, en el puente Rosario- Victoria, y en el cruce de Zarate Brazo Largo, y a partir de hoy en el norte de la provincia, en la ruta 14, en el cruce Mocoret\u00e1 &#8211; Chajar\u00ed\u201d, precis\u00f3 el mandatario y aclar\u00f3 que se realizan \u201csiempre respetando y salvaguardando los derechos constitucionales\u201d. En ese marco, s\u00f3lo podr\u00e1n circular quienes est\u00e1n exceptuados en el decreto.<\/p>\n<p>&nbsp;<\/p>\n<p><strong>Situaci\u00f3n econ\u00f3mica<\/strong><\/p>\n<p>El gobernador repas\u00f3 las medidas adoptadas por el gobierno nacional para aquellos comprendidos en la econom\u00eda informal con aportes de hasta 10 mil pesos que incluye, entre otros, al personal de casas particulares. A su vez, adelant\u00f3 que para la econom\u00eda formal, \u201cque nos preocupa y mucho\u201d, se analizar\u00e1n \u201cest\u00edmulos y elementos paliativos para evitar despidos y que se pueda mantener el nivel de actividad superadas las medidas de aislamiento\u201d. De todos modos aclar\u00f3 que \u201clas medidas las tomamos en forma coordinada con el gobierno nacional y municipios para que tengan fortaleza, si las tomamos de forma aislada el impacto es menor\u201d.<\/p>\n<p>Bordet precis\u00f3 que la situaci\u00f3n \u201cha repercutido de manera brutal en las finanzas provinciales\u201d, con una ca\u00edda de la recaudaci\u00f3n \u201cconsiderable respecto a las expectativas que ten\u00edamos\u201d.<\/p>\n<p>A pesar de las dificultades econ\u00f3micas, aclar\u00f3, \u201cpara nosotros lo prioritario es la salud de las personas. No nos sirve de nada tener una poblaci\u00f3n econ\u00f3micamente activa cuando hay otra poblaci\u00f3n que est\u00e1 enferma, y sobre todo si son nuestros adultos mayores con riesgo de sus vidas\u201d.<\/p>\n<p>&nbsp;<\/p>\n<p><strong>Situaci\u00f3n epidemiol\u00f3gica<\/strong><\/p>\n<p>El director de Epidemiolog\u00eda ratific\u00f3 los cuatro nuevos casos informados en la noche del jueves, uno de ellos con antecedente de viaje a Chaco, lugar donde se le est\u00e1 realizando el seguimiento. En cuanto a los restantes, que se encuentran en la provincia, hay dos con antecedentes de viaje y un tercer por el que se investigan sus contactos estrechos.<\/p>\n<p>\u201cLa mayor\u00eda han sido pacientes con buena evoluci\u00f3n, cuadros leves. Dos con internaci\u00f3n, uno de Paran\u00e1 y otro en Villaguay\u201d, ampli\u00f3.<\/p>\n<p>A su vez inform\u00f3 que es viernes se lleva adelante una capacitaci\u00f3n con m\u00e1s de 100 profesionales\u00a0 de la provincia para el abordaje de pacientes cr\u00edticos y medidas de bioseguridad.<\/p>\n<p>&nbsp;<\/p>\n<p><strong>Controles<\/strong><\/p>\n<p>El secretario de Justicia precis\u00f3 los resultados de los controles realizados en la v\u00eda p\u00fablica relacionada con la circulaci\u00f3n de personas. Confirm\u00f3 que el jueves 22 personas fueron imputadas y cometidas a la justicia federal por infracci\u00f3n a la normativa nacional. En tanto que 498, fueron notificadas por infracci\u00f3n y 110 por cuarentena.<\/p>\n<p>Como novedad se sum\u00f3 el secuestro de los autom\u00f3viles que sumaron seis en total en las ciudades de Paran\u00e1, Villaguay y Concordia.<\/p>\n","protected":false},"excerpt":{"rendered":"<p>El Gobierno de Entre R\u00edos brind\u00f3 el informe del estado de situaci\u00f3n provincial en relaci\u00f3n al Coronavirus &nbsp; &nbsp; El gobernador brind\u00f3 este viernes una nueva conferencia por plataforma virtual, junto al secretario de Justicia, Pablo Biaggini, el director de Epidemiolog\u00eda Diego Garzilazo; y la titular del Iprodi, In\u00e9s Artusi. \u201cDurante la semana hemos tomado acciones que tienen que ver con intensificar las obras de hospital de La Baxada\u201d, explic\u00f3 y adelant\u00f3 que en ocho d\u00edas estar\u00e1n habilitadas 20 camas con 20 respiradores, y 160 camas para internaci\u00f3n de pacientes&#8230;<\/p>\n","protected":false},"author":3,"featured_media":59565,"comment_status":"closed","ping_status":"closed","sticky":false,"template":"","format":"standard","meta":[],"categories":[15],"tags":[],"_links":{"self":[{"href":"https:\/\/www.actualidadadiario.com\/index.php\/wp-json\/wp\/v2\/posts\/59564"}],"collection":[{"href":"https:\/\/www.actualidadadiario.com\/index.php\/wp-json\/wp\/v2\/posts"}],"about":[{"href":"https:\/\/www.actualidadadiario.com\/index.php\/wp-json\/wp\/v2\/types\/post"}],"author":[{"embeddable":true,"href":"https:\/\/www.actualidadadiario.com\/index.php\/wp-json\/wp\/v2\/users\/3"}],"replies":[{"embeddable":true,"href":"https:\/\/www.actualidadadiario.com\/index.php\/wp-json\/wp\/v2\/comments?post=59564"}],"version-history":[{"count":1,"href":"https:\/\/www.actualidadadiario.com\/index.php\/wp-json\/wp\/v2\/posts\/59564\/revisions"}],"predecessor-version":[{"id":59566,"href":"https:\/\/www.actualidadadiario.com\/index.php\/wp-json\/wp\/v2\/posts\/59564\/revisions\/59566"}],"wp:featuredmedia":[{"embeddable":true,"href":"https:\/\/www.actualidadadiario.com\/index.php\/wp-json\/wp\/v2\/media\/59565"}],"wp:attachment":[{"href":"https:\/\/www.actualidadadiario.com\/index.php\/wp-json\/wp\/v2\/media?parent=59564"}],"wp:term":[{"taxonomy":"category","embeddable":true,"href":"https:\/\/www.actualidadadiario.com\/index.php\/wp-json\/wp\/v2\/categories?post=59564"},{"taxonomy":"post_tag","embeddable":true,"href":"https:\/\/www.actualidadadiario.com\/index.php\/wp-json\/wp\/v2\/tags?post=59564"}],"curies":[{"name":"wp","href":"https:\/\/api.w.org\/{rel}","templated":true}]}}