{"id":59561,"date":"2020-03-27T17:04:28","date_gmt":"2020-03-27T20:04:28","guid":{"rendered":"https:\/\/www.actualidadadiario.com\/?p=59561"},"modified":"2020-03-27T17:04:28","modified_gmt":"2020-03-27T20:04:28","slug":"las-comisiones-de-diputados-trabajaran-de-manera-virtual","status":"publish","type":"post","link":"https:\/\/www.actualidadadiario.com\/index.php\/2020\/03\/27\/las-comisiones-de-diputados-trabajaran-de-manera-virtual\/","title":{"rendered":"Las Comisiones de Diputados trabajar\u00e1n de manera virtual"},"content":{"rendered":"<p style=\"text-align: center;\"><em><strong>Desde la pr\u00f3xima semana, una plataforma virtual propia ser\u00e1 usada por la C\u00e1mara de Diputados de Entre R\u00edos para el funcionamiento de las Comisiones. As\u00ed lo dispuso el presidente del \u00f3rgano legislativo, \u00c1ngel Giano en acuerdo con los presidentes de los Bloques; adem\u00e1s mediante resoluci\u00f3n 018\/2020 nombr\u00f3 los integrantes de dichas Comisiones, producto del trabajo coordinado de todas y todos los diputados<\/strong><\/em><\/p>\n<p>&nbsp;<\/p>\n<p>\u201cLa medida qued\u00f3 acordada para no resentir el trabajo que debemos hacer en la C\u00e1mara en el marco de esta hist\u00f3rica emergencia sanitaria y social\u201d indic\u00f3 Giano y agreg\u00f3: \u201cEn esta situaci\u00f3n &#8211; consecuencia de la pandemia del coronavirus- debemos adecuar el funcionamiento de la tarea legislativa y darle continuidad en el contexto actual de emergencia sanitaria\u201d.<\/p>\n<p>El presidente de la C\u00e1mara subray\u00f3 la decisi\u00f3n un\u00e1nime de todos los bloques, manifestada por cada uno de los presidentes de las bancadas en una reuni\u00f3n espec\u00edfica para tratar este tema, y destac\u00f3: \u201cHay una voluntad pol\u00edtica com\u00fan de todos los sectores pol\u00edticos. Estamos en un momento muy particular y esto requiere del esfuerzo de todas y todos\u201d, puntualiz\u00f3 Giano.<\/p>\n<p>El presidente de la C\u00e1mara adelant\u00f3 que la pr\u00f3xima semana estar\u00e1 funcionando una plataforma virtual propia, en la cual cada legisladora y legislador podr\u00e1 expresar su opini\u00f3n respecto a los proyectos en debate. La herramienta digital fue programada considerando la saturaci\u00f3n de tr\u00e1fico de datos en las redes que se produce en estos d\u00edas, por lo cual se utilizar\u00e1 un formato textual, evitando la sobrecarga que significa una transmisi\u00f3n online, por el peso de archivo de videos.<\/p>\n<p>La carga a la plataforma de los documentos implica menos tr\u00e1fico de datos en la red y asegura que, a\u00fan sin tener buena se\u00f1al, se puede seguir el trabajo de manera online sin que colapse la conexi\u00f3n, explicaron desde las \u00e1reas de Inform\u00e1tica, Modernizaci\u00f3n y Comisiones que estuvieron trabajando articuladamente para ello. Tambi\u00e9n habr\u00e1 un tiempo establecido para el debate, con fecha y horario de inicio y de finalizaci\u00f3n, en donde cada diputada y diputado podr\u00e1 dejar su opini\u00f3n de manera expresa, y luego se cargar\u00e1 el proyecto final para que se proceda a la votaci\u00f3n.<\/p>\n<p>Por primera vez la C\u00e1mara contar\u00e1 con paridad de g\u00e9nero en las presidencias de las Comisiones, tal lo dispuesto por Giano a trav\u00e9s de un decreto de presidencia en diciembre de 2019, decisi\u00f3n que fue tomada para garantizar la equidad.<\/p>\n<p>&nbsp;<\/p>\n<p><strong>Las mismas quedaron conformadas como se detalla a continuaci\u00f3n:<\/strong><\/p>\n<p><strong>1-Asuntos Constitucionales, Juicio Pol\u00edtico, Peticiones, Poderes y Reglamento.<\/strong><\/p>\n<p>Presidente: Diego Lucio Nicol\u00e1s LARA. Integrantes: Sergio Daniel CASTRILL\u00d3N; Juan Pablo COSSO; Mariana FARF\u00c1N; Juli\u00e1n MANEIRO, Juan Reynaldo NAVARRO; Jorge Diego SATO, Mar\u00eda del Carmen TOLLER; Manuel TRONCOSO, Esteban Amado VITOR; Gustavo Marcelo ZAVALLO<\/p>\n<p><strong>2-Hacienda, Presupuesto y Cuentas.<\/strong><\/p>\n<p>Presidente: Mar\u00eda del Carmen TOLLER. Integrantes: Uriel Maximiliano BRUPBACHER; Jos\u00e9 Orlando C\u00c1CERES; Sergio Daniel CASTRILL\u00d3N; Jos\u00e9 C\u00e9sar Gustavo CUSINATO; N\u00e9stor LOGGIO; Juli\u00e1n MANEIRO; Juan Reynaldo NAVARRO; Julio Rodolfo SOLANAS; Esteban Amado VITOR; Gustavo Marcelo ZAVALLO<\/p>\n<ol start=\"3\">\n<li><strong> Legislaci\u00f3n General.<\/strong><\/li>\n<\/ol>\n<p>Presidente: Carina Manuela RAMOS. Integrantes: Jos\u00e9 Orlando C\u00c1CERES; Sergio Daniel CASTRILL\u00d3N; Juan Pablo COSSO; Sara Mercedes FOLETTO; Gracia Mar\u00eda JAROSLAVSKY; Diego Lucio Nicol\u00e1s LARA; Juli\u00e1n MANEIRO; Nicol\u00e1s Aleandro MATTIAUDA; Ver\u00f3nica Paola RUBATTINO; Julio Rodolfo SOLANAS; Luc\u00eda Frin\u00e9 VARISCO; Esteban Amado VITOR;<\/p>\n<ol start=\"4\">\n<li><strong> Legislaci\u00f3n Agraria y Tierras.<\/strong><\/li>\n<\/ol>\n<p>Presidente: Sara Mercedes FOLETTO. Integrantes: Reynaldo Jorge C\u00c1CERES; N\u00e9stor LOGGIO; Nicol\u00e1s Aleandro MATTIAUDA; Juan Reynaldo NAVARRO; Juan Domingo ZACARIAS; Gustavo Marcelo ZAVALLO<\/p>\n<ol start=\"5\">\n<li><strong> Econom\u00edas Regionales.<\/strong><\/li>\n<\/ol>\n<p>Presidente: Juli\u00e1n MANEIRO. Integrantes: Juan Manuel HUSS, Gracia Mar\u00eda JAROSLAVSKY; Jos\u00e9 Mar\u00eda KRAMER; Diego Lucio Nicol\u00e1s LARA; N\u00e9stor LOGGIO; Nicol\u00e1s Alejandro MATTIAUDA; Juan Reynaldo NAVARRO; Jorge Diego SATO<\/p>\n<ol start=\"6\">\n<li><strong> Comercio, Industria y Producci\u00f3n.<\/strong><\/li>\n<\/ol>\n<p>Presidente: N\u00e9stor LOGGIO. Integrantes: Uriel Maximiliano BRUPBACHER; Jos\u00e9 C\u00e9sar Gustavo CUSINATO; Juan Manuel HUSS; Mariano Pedro REBORD; Leonardo Jes\u00fas SILVA; Mar\u00eda del Carmen TOLLER; Juan Domingo ZACARIAS<\/p>\n<ol start=\"7\">\n<li><strong> Trabajo.<\/strong><\/li>\n<\/ol>\n<p>Presidente: Manuel TRONCOSO. Integrantes: Mart\u00edn C\u00e9sar ANGUIANO; Mariana FARF\u00c1N; Juan Manuel HUSS; Jos\u00e9 Mar\u00eda KRAMER; Juan Reynaldo NAVARRO; Eduardo SOLARI;<\/p>\n<ol start=\"8\">\n<li><strong> Empleo, Previsi\u00f3n y Seguridad Social.<\/strong><\/li>\n<\/ol>\n<p>Presidente: Juan Manuel HUSS. Integrantes: Mart\u00edn C\u00e9sar ANGUIANO; Jos\u00e9 Mar\u00eda KRAMER; N\u00e9stor LOGGIO; Juan Reynaldo NAVARRO; Eduardo SOLARI; Manuel TRONCOSO;<\/p>\n<ol start=\"9\">\n<li><strong> Obras P\u00fablicas y Planeamiento.<\/strong><\/li>\n<\/ol>\n<p>Presidente: Mariana FARF\u00c1N; Integrantes: Rosario Ayel\u00e9n ACOSTA; Jos\u00e9 Orlando C\u00c1CERES; Reynaldo Jorge C\u00c1CERES; Sara Mercedes FOLETTO; Nicol\u00e1s Aleandro MATTIAUDA; Silvia del C\u00e1rmen MORENO; Juan Reynaldo NAVARRO; Ver\u00f3nica Paola RUBATTINO; Eduardo SOLARI; Manuel TRONCOSO<\/p>\n<ol start=\"10\">\n<li><strong> Recursos Naturales y Ambiente.<\/strong><\/li>\n<\/ol>\n<p>Presidente: Sergio Daniel CASTRILL\u00d3N. Integrantes: Mariana FARF\u00c1N; Gracia Mar\u00eda JAROSLAVSKY; N\u00e9stor LOGGIO; Nicol\u00e1s Alejandro MATTIAUDA; Carina Manuela RAMOS; Eduardo SOLARI; Mar\u00eda del Carmen TOLLER; Luc\u00eda Frin\u00e9 VARISCO<\/p>\n<ol start=\"11\">\n<li><strong> Salud P\u00fablica.<\/strong><\/li>\n<\/ol>\n<p>Presidente: Reynaldo Jorge C\u00c1CERES. Integrantes: Rosario Ayel\u00e9n ACOSTA; Sara Mercedes FOLETTO, Gracia Mar\u00eda JAROSLAVSKY; Silvia del Carmen MORENO; Juan Reynaldo NAVARRO; Mariano Pedro REBORD; Mar\u00eda del Carmen TOLLER; Luc\u00eda Frin\u00e9 VARISCO<\/p>\n<ol start=\"12\">\n<li><strong> Desarrollo Social.<\/strong><\/li>\n<\/ol>\n<p>Presidente: Ver\u00f3nica Paola RUBATTINO; Integrantes: Rosario Ayel\u00e9n ACOSTA; Jos\u00e9 Mar\u00eda KRAMER; Silvia del Carmen MORENO; Luc\u00eda Frin\u00e9 VARISCO; Juan Domingo ZACARIAS; Gustavo Marcelo ZAVALLO<\/p>\n<ol start=\"13\">\n<li><strong> Educaci\u00f3n, Ciencia y Tecnolog\u00eda.<\/strong><\/li>\n<\/ol>\n<p>Presidente: Stefan\u00eda CORA; Integrantes: Rosario Ayel\u00e9n ACOSTA; Juan Pablo COSSO; Sara Mercedes FOLETTO; Gracia Mar\u00eda JAROSLAVSKY; N\u00e9stor LOGGIO; Juan Reynaldo NAVARRO; Carina Manuela RAMOS; Eduardo SOLARI; Mar\u00eda del Carmen TOLLER; Luc\u00eda Frin\u00e9 VARISCO<\/p>\n<ol start=\"14\">\n<li><strong> Asuntos Municipales y Comunales.<\/strong><\/li>\n<\/ol>\n<p>Presidente: Leonardo Jes\u00fas SILVA. Integrantes: Uriel Maximiliano BRUPBACHER; Juan Pablo COSSO; Mariana FARF\u00c1N; Jos\u00e9 Mar\u00eda KRAMER; Diego Lucio Nicol\u00e1s LARA; Juli\u00e1n MANEIRO; Silvia del C\u00e1rmen MORENO; Jorge Diego SATO<\/p>\n<ol start=\"15\">\n<li><strong> Comunicaciones y Transporte.<\/strong><\/li>\n<\/ol>\n<p>Presidente: Uriel Maximiliano BRUPBACHER. Integrantes: Jos\u00e9 Orlando C\u00c1CERES; Jos\u00e9 C\u00e9sar Gustavo CUSINATO; Diego Lucio Nicol\u00e1s LARA; N\u00e9stor LOGGIO; Silvia del Carmen MORENO; Esteban Amado VITOR<\/p>\n<ol start=\"16\">\n<li><strong> Energ\u00eda.<\/strong><\/li>\n<\/ol>\n<p>Presidente: Silvia del Carmen MORENO. Integrantes: Mart\u00edn C\u00e9sar ANGUIANO; Jos\u00e9 Orlando C\u00c1CERES; Jos\u00e9 C\u00e9sar Gustavo CUSINATO; N\u00e9stor LOGGIO; Juan Reynaldo NAVARRO; Esteban Amado VITOR<\/p>\n<ol start=\"17\">\n<li><strong> Asuntos Internacionales.<\/strong><\/li>\n<\/ol>\n<p>Presidente: Gracia Mar\u00eda JAROSLAVSKY. Integrantes: Mart\u00edn C\u00e9sar ANGUIANO; Reynaldo Jorge C\u00c1CERES; Juan Pablo COSSO; Jos\u00e9 Mar\u00eda KRAMER; N\u00e9stor LOGGIO; Juli\u00e1n MANEIRO; Juan Reynaldo NAVARRO; Jorge Diego SATO; Manuel TRONCOSO; Gustavo Marcelo ZAVALLO<\/p>\n<ol start=\"18\">\n<li><strong> Asuntos Cooperativos y Mutuales.<\/strong><\/li>\n<\/ol>\n<p>Presidente: Juan Domingo ZACARIAS. Integrantes: Sara Mercedes FOLETTO, Jos\u00e9 Mar\u00eda KRAMER; Juan Reynaldo NAVARRO; Gustavo Marcelo ZAVALLO<\/p>\n<ol start=\"19\">\n<li><strong> Cultura y Turismo.<\/strong><\/li>\n<\/ol>\n<p>Presidente: Mariano Pedro REBORD. Integrantes: Jos\u00e9 Orlando C\u00c1CERES; Sergio Daniel CASTRILL\u00d3N; Stefan\u00eda CORA; Sara Mercedes FOLETTO; Gracia Mar\u00eda JAROSLAVSKY; Jos\u00e9 Mar\u00eda KRAMER; Jorge Diego SATO<\/p>\n<ol start=\"20\">\n<li><strong> Deporte.<\/strong><\/li>\n<\/ol>\n<p>Presidente: Jorge Diego SATO. Integrantes: Jos\u00e9 Orlando C\u00c1CERES; Juan Reynaldo NAVARRO; Carina Manuela RAMOS; Leonardo Jes\u00fas SILVA; Luc\u00eda VARISCO; Juan Domingo ZACARIAS<\/p>\n<ol start=\"21\">\n<li><strong> Banca de las Mujeres, G\u00e9neros y Diversidad.<\/strong><\/li>\n<\/ol>\n<p>Presidente: Mariana FARF\u00c1N; Rosario Ayel\u00e9n ACOSTA; Stefan\u00eda CORA; Sara Mercedes FOLETTO; Gracia Mar\u00eda JAROSLAVSKY; Silvia del Carmen MORENO; Carina Manuela RAMOS; Mar\u00eda del Carmen TOLLER; Luc\u00eda Frin\u00e9 VARISCO<\/p>\n<ol start=\"22\">\n<li><strong> Seguridad.<\/strong><\/li>\n<\/ol>\n<p>Presidente: Rosario Ayel\u00e9n ACOSTA; Integrantes: Uriel Maximiliano BRUPBACHER; Juan Pablo COSSO; Diego Lucio Nicol\u00e1s LARA\u00b8 Juan Reynaldo NAVARRO; Leonardo Jes\u00fas SILVA; Eduardo SOLARI<\/p>\n<ol start=\"23\">\n<li><strong> Defensa del Consumidor y Lealtad Comercial.<\/strong><\/li>\n<\/ol>\n<p>Presidente: Ver\u00f3nica Paola RUBATTINO. Integrantes: Reynaldo Jorge C\u00c1CERES; Jos\u00e9 C\u00e9sar Gustavo CUSINATO; Juan Reynaldo NAVARRO; Julio Rodolfo SOLANAS; Eduardo SOLARI; Juan Domingo ZACARIAS<\/p>\n","protected":false},"excerpt":{"rendered":"<p>Desde la pr\u00f3xima semana, una plataforma virtual propia ser\u00e1 usada por la C\u00e1mara de Diputados de Entre R\u00edos para el funcionamiento de las Comisiones. As\u00ed lo dispuso el presidente del \u00f3rgano legislativo, \u00c1ngel Giano en acuerdo con los presidentes de los Bloques; adem\u00e1s mediante resoluci\u00f3n 018\/2020 nombr\u00f3 los integrantes de dichas Comisiones, producto del trabajo coordinado de todas y todos los diputados &nbsp; \u201cLa medida qued\u00f3 acordada para no resentir el trabajo que debemos hacer en la C\u00e1mara en el marco de esta hist\u00f3rica emergencia sanitaria y social\u201d indic\u00f3 Giano&#8230;<\/p>\n","protected":false},"author":3,"featured_media":59562,"comment_status":"closed","ping_status":"closed","sticky":false,"template":"","format":"standard","meta":[],"categories":[15],"tags":[],"_links":{"self":[{"href":"https:\/\/www.actualidadadiario.com\/index.php\/wp-json\/wp\/v2\/posts\/59561"}],"collection":[{"href":"https:\/\/www.actualidadadiario.com\/index.php\/wp-json\/wp\/v2\/posts"}],"about":[{"href":"https:\/\/www.actualidadadiario.com\/index.php\/wp-json\/wp\/v2\/types\/post"}],"author":[{"embeddable":true,"href":"https:\/\/www.actualidadadiario.com\/index.php\/wp-json\/wp\/v2\/users\/3"}],"replies":[{"embeddable":true,"href":"https:\/\/www.actualidadadiario.com\/index.php\/wp-json\/wp\/v2\/comments?post=59561"}],"version-history":[{"count":1,"href":"https:\/\/www.actualidadadiario.com\/index.php\/wp-json\/wp\/v2\/posts\/59561\/revisions"}],"predecessor-version":[{"id":59563,"href":"https:\/\/www.actualidadadiario.com\/index.php\/wp-json\/wp\/v2\/posts\/59561\/revisions\/59563"}],"wp:featuredmedia":[{"embeddable":true,"href":"https:\/\/www.actualidadadiario.com\/index.php\/wp-json\/wp\/v2\/media\/59562"}],"wp:attachment":[{"href":"https:\/\/www.actualidadadiario.com\/index.php\/wp-json\/wp\/v2\/media?parent=59561"}],"wp:term":[{"taxonomy":"category","embeddable":true,"href":"https:\/\/www.actualidadadiario.com\/index.php\/wp-json\/wp\/v2\/categories?post=59561"},{"taxonomy":"post_tag","embeddable":true,"href":"https:\/\/www.actualidadadiario.com\/index.php\/wp-json\/wp\/v2\/tags?post=59561"}],"curies":[{"name":"wp","href":"https:\/\/api.w.org\/{rel}","templated":true}]}}