{"id":59558,"date":"2020-03-27T17:03:35","date_gmt":"2020-03-27T20:03:35","guid":{"rendered":"https:\/\/www.actualidadadiario.com\/?p=59558"},"modified":"2020-03-27T17:03:35","modified_gmt":"2020-03-27T20:03:35","slug":"eduner-lanza-textos-para-escuchar-en-linea","status":"publish","type":"post","link":"https:\/\/www.actualidadadiario.com\/index.php\/2020\/03\/27\/eduner-lanza-textos-para-escuchar-en-linea\/","title":{"rendered":"Eduner lanza \u201cTextos para escuchar en l\u00ednea\u201d"},"content":{"rendered":"<p style=\"text-align: center;\"><em><strong>EDUNER, la editorial de la Universidad Nacional de Entre R\u00edos tiene en l\u00ednea \u201cUrbanidades de Paran\u00e1\u201d, el audio libro que invita a conocer la capital provincial<\/strong><\/em><\/p>\n<p>&nbsp;<\/p>\n<p>&nbsp;<\/p>\n<p>EDUNER tiene en l\u00ednea Urbanidades de Paran\u00e1, el audio libro que invita a conocer la ciudad de Paran\u00e1 a trav\u00e9s de la mirada de grandes escritores y de las voces de reconocidas y reconocidos artistas que interpretan selecciones de diversas obras que edit\u00f3.<\/p>\n<p>Este trabajo es una coedici\u00f3n junto a las radios de la UNER con participaci\u00f3n de grandes escritores y de las voces de reconocidos artistas que interpretan selecciones de diversas obras editadas por EDUNER.<\/p>\n<p>Se disfrutan cuatro textos de Amaro Villanueva: \u00abCalles de Paran\u00e1\u00bb, \u00abMart\u00edn Fierro en Paran\u00e1\u00bb, \u00abSobre los primeros de Paran\u00e1\u00bb y \u00abEl cuadril\u00e1tero del General Ram\u00edrez\u00bb, todos del Tomo 3 de las Obras completas. Tambi\u00e9n de Roberto Arlt: \u00abParan\u00e1, tacita de porcelana\u00bb, \u00abCalles de Paran\u00e1\u00bb y \u00abSr. Roberto Arlt\u00bb publicados en Aguafuertes fluviales de Paran\u00e1.<\/p>\n<p>Se suma Juan Jos\u00e9 Saer con un fragmento de \u00abEl r\u00edo sin orillas: tratado imaginario\u00bb publicado en Islote municipal; el texto \u00abNo sirve para nada, estorba y nadie lo puede sacar\u00bb, de la obra completa de Juan L. Ortiz, entre otros.<\/p>\n","protected":false},"excerpt":{"rendered":"<p>EDUNER, la editorial de la Universidad Nacional de Entre R\u00edos tiene en l\u00ednea \u201cUrbanidades de Paran\u00e1\u201d, el audio libro que invita a conocer la capital provincial &nbsp; &nbsp; EDUNER tiene en l\u00ednea Urbanidades de Paran\u00e1, el audio libro que invita a conocer la ciudad de Paran\u00e1 a trav\u00e9s de la mirada de grandes escritores y de las voces de reconocidas y reconocidos artistas que interpretan selecciones de diversas obras que edit\u00f3. Este trabajo es una coedici\u00f3n junto a las radios de la UNER con participaci\u00f3n de grandes escritores y de&#8230;<\/p>\n","protected":false},"author":3,"featured_media":59559,"comment_status":"closed","ping_status":"closed","sticky":false,"template":"","format":"standard","meta":[],"categories":[15],"tags":[],"_links":{"self":[{"href":"https:\/\/www.actualidadadiario.com\/index.php\/wp-json\/wp\/v2\/posts\/59558"}],"collection":[{"href":"https:\/\/www.actualidadadiario.com\/index.php\/wp-json\/wp\/v2\/posts"}],"about":[{"href":"https:\/\/www.actualidadadiario.com\/index.php\/wp-json\/wp\/v2\/types\/post"}],"author":[{"embeddable":true,"href":"https:\/\/www.actualidadadiario.com\/index.php\/wp-json\/wp\/v2\/users\/3"}],"replies":[{"embeddable":true,"href":"https:\/\/www.actualidadadiario.com\/index.php\/wp-json\/wp\/v2\/comments?post=59558"}],"version-history":[{"count":1,"href":"https:\/\/www.actualidadadiario.com\/index.php\/wp-json\/wp\/v2\/posts\/59558\/revisions"}],"predecessor-version":[{"id":59560,"href":"https:\/\/www.actualidadadiario.com\/index.php\/wp-json\/wp\/v2\/posts\/59558\/revisions\/59560"}],"wp:featuredmedia":[{"embeddable":true,"href":"https:\/\/www.actualidadadiario.com\/index.php\/wp-json\/wp\/v2\/media\/59559"}],"wp:attachment":[{"href":"https:\/\/www.actualidadadiario.com\/index.php\/wp-json\/wp\/v2\/media?parent=59558"}],"wp:term":[{"taxonomy":"category","embeddable":true,"href":"https:\/\/www.actualidadadiario.com\/index.php\/wp-json\/wp\/v2\/categories?post=59558"},{"taxonomy":"post_tag","embeddable":true,"href":"https:\/\/www.actualidadadiario.com\/index.php\/wp-json\/wp\/v2\/tags?post=59558"}],"curies":[{"name":"wp","href":"https:\/\/api.w.org\/{rel}","templated":true}]}}