{"id":59556,"date":"2020-03-27T16:59:28","date_gmt":"2020-03-27T19:59:28","guid":{"rendered":"https:\/\/www.actualidadadiario.com\/?p=59556"},"modified":"2020-03-27T16:59:28","modified_gmt":"2020-03-27T19:59:28","slug":"afirman-que-es-normal-el-abastecimiento-de-medicamentos-en-entre-rios","status":"publish","type":"post","link":"https:\/\/www.actualidadadiario.com\/index.php\/2020\/03\/27\/afirman-que-es-normal-el-abastecimiento-de-medicamentos-en-entre-rios\/","title":{"rendered":"Afirman que es normal el abastecimiento de medicamentos en Entre R\u00edos"},"content":{"rendered":"<p style=\"text-align: center;\"><em><strong>Lo confirmaron el Colegio de Farmac\u00e9uticos de Entre R\u00edos y la C\u00e1mara Entrerriana de Farmacias. Desde ambas entidades aseguraron que se trabaja en forma normal y que las farmacias &#8220;est\u00e1n y seguir\u00e1n abiertas en los horarios habituales&#8221;<\/strong><\/em><\/p>\n<p>&nbsp;<\/p>\n<p>&nbsp;<\/p>\n<p>Miguel \u00c1ngel Meglio, gerente de la C\u00e1mara Entrerriana de Farmacias, indic\u00f3 que &#8220;transitoriamente puede llegar a faltar paracetamol&#8221; y tambi\u00e9n algunos medicamentos espec\u00edficos para enfermedades cr\u00f3nicas, como la hipertensi\u00f3n, pero remarc\u00f3 que &#8220;no hay desabastecimiento&#8221;.<\/p>\n<p>Esa faltante moment\u00e1nea se debe &#8220;a la reacci\u00f3n de la gente, que busca sobreabastecerse por las dudas&#8221;, explic\u00f3.<\/p>\n<p>Por eso llev\u00f3 tranquilidad a la poblaci\u00f3n y asegur\u00f3 que &#8220;las 120 farmacias que est\u00e1n bajo la \u00f3rbita de la C\u00e1mara trabajan en forma normal&#8221;. Se\u00f1al\u00f3 que &#8220;tambi\u00e9n las obras sociales trabajan normalmente, aplican los descuentos que cada una prev\u00e9 y est\u00e1n pagando a las farmacias en los plazos previstos&#8221;.<\/p>\n<p>En tanto, desde el Colegio de Farmac\u00e9uticos consideran que no existe una faltante de paracetamol. Apuntan que, a lo sumo, puede haber &#8220;escasez de algunas marcas&#8221; de esa droga, pero se sustituyen por otras. Lo mismo ocurre con &#8220;algunos suplementos vitam\u00ednicos, porque en estos momentos existe una demanda mayor de esos productos&#8221;, inform\u00f3 Walter Ormaechea, tesorero del Colegio.<\/p>\n<p>Remarc\u00f3 que lo que s\u00ed faltan es &#8220;alcohol en gel, alcohol al 70%, barbijos y guantes, tal como ocurre en el pa\u00eds y en el mundo&#8221;.<\/p>\n<p>Respecto a c\u00f3mo funcionan durante la cuarentena las casi 400 farmacias que integran el Colegio, Ormaechea asegur\u00f3 que se sigue &#8220;trabajando normalmente&#8221;. &#8220;Dependemos del Ministerio de Salud de la provincia, con el cual trabajamos en forma mancomunada&#8221;, apunt\u00f3 y en ese sentido coment\u00f3 que &#8220;se le envi\u00f3 a todas las farmacias un protocolo de trabajo&#8221; para aplicar durante este tiempo de aislamiento obligatorio, que incluye medidas de seguridad y de distancia dentro de los locales, a fin de evitar la propagaci\u00f3n del coronavirus.<\/p>\n<p>Ormaechea aconsej\u00f3 a los ciudadanos &#8220;que se queden tranquilos&#8221; y remarc\u00f3 que &#8220;las farmacias est\u00e1n y seguir\u00e1n abiertas en los horarios habituales&#8221;. Tambi\u00e9n les solicit\u00f3 &#8220;que no se agolpen&#8221; en los locales. En ese sentido advirti\u00f3 que &#8220;durante los turnos, s\u00e1bados de tarde, domingos y feriados, las farmacias se han visto sobresaturadas&#8221;. Por eso pidi\u00f3 que &#8220;solo vayan por urgencias&#8221;.<\/p>\n<p>Por \u00faltimo reflexion\u00f3: &#8220;El panorama est\u00e1 dif\u00edcil, no ha llegado el pico de la enfermedad todav\u00eda. Por eso el consejo es quedarse en casa, no queda otra, es la \u00fanica vacuna que tenemos por el momento&#8221;.<\/p>\n","protected":false},"excerpt":{"rendered":"<p>Lo confirmaron el Colegio de Farmac\u00e9uticos de Entre R\u00edos y la C\u00e1mara Entrerriana de Farmacias. Desde ambas entidades aseguraron que se trabaja en forma normal y que las farmacias &#8220;est\u00e1n y seguir\u00e1n abiertas en los horarios habituales&#8221; &nbsp; &nbsp; Miguel \u00c1ngel Meglio, gerente de la C\u00e1mara Entrerriana de Farmacias, indic\u00f3 que &#8220;transitoriamente puede llegar a faltar paracetamol&#8221; y tambi\u00e9n algunos medicamentos espec\u00edficos para enfermedades cr\u00f3nicas, como la hipertensi\u00f3n, pero remarc\u00f3 que &#8220;no hay desabastecimiento&#8221;. Esa faltante moment\u00e1nea se debe &#8220;a la reacci\u00f3n de la gente, que busca sobreabastecerse por las&#8230;<\/p>\n","protected":false},"author":3,"featured_media":54814,"comment_status":"closed","ping_status":"closed","sticky":false,"template":"","format":"standard","meta":[],"categories":[15],"tags":[],"_links":{"self":[{"href":"https:\/\/www.actualidadadiario.com\/index.php\/wp-json\/wp\/v2\/posts\/59556"}],"collection":[{"href":"https:\/\/www.actualidadadiario.com\/index.php\/wp-json\/wp\/v2\/posts"}],"about":[{"href":"https:\/\/www.actualidadadiario.com\/index.php\/wp-json\/wp\/v2\/types\/post"}],"author":[{"embeddable":true,"href":"https:\/\/www.actualidadadiario.com\/index.php\/wp-json\/wp\/v2\/users\/3"}],"replies":[{"embeddable":true,"href":"https:\/\/www.actualidadadiario.com\/index.php\/wp-json\/wp\/v2\/comments?post=59556"}],"version-history":[{"count":1,"href":"https:\/\/www.actualidadadiario.com\/index.php\/wp-json\/wp\/v2\/posts\/59556\/revisions"}],"predecessor-version":[{"id":59557,"href":"https:\/\/www.actualidadadiario.com\/index.php\/wp-json\/wp\/v2\/posts\/59556\/revisions\/59557"}],"wp:featuredmedia":[{"embeddable":true,"href":"https:\/\/www.actualidadadiario.com\/index.php\/wp-json\/wp\/v2\/media\/54814"}],"wp:attachment":[{"href":"https:\/\/www.actualidadadiario.com\/index.php\/wp-json\/wp\/v2\/media?parent=59556"}],"wp:term":[{"taxonomy":"category","embeddable":true,"href":"https:\/\/www.actualidadadiario.com\/index.php\/wp-json\/wp\/v2\/categories?post=59556"},{"taxonomy":"post_tag","embeddable":true,"href":"https:\/\/www.actualidadadiario.com\/index.php\/wp-json\/wp\/v2\/tags?post=59556"}],"curies":[{"name":"wp","href":"https:\/\/api.w.org\/{rel}","templated":true}]}}