{"id":59553,"date":"2020-03-27T16:58:44","date_gmt":"2020-03-27T19:58:44","guid":{"rendered":"https:\/\/www.actualidadadiario.com\/?p=59553"},"modified":"2020-03-27T16:58:44","modified_gmt":"2020-03-27T19:58:44","slug":"benedetto-quedo-al-frente-de-la-comision-tecnica-mixta-de-salto-grande","status":"publish","type":"post","link":"https:\/\/www.actualidadadiario.com\/index.php\/2020\/03\/27\/benedetto-quedo-al-frente-de-la-comision-tecnica-mixta-de-salto-grande\/","title":{"rendered":"Benedetto qued\u00f3 al frente de la Comisi\u00f3n T\u00e9cnica Mixta de Salto Grande"},"content":{"rendered":"<p style=\"text-align: center;\"><em><strong>Su designaci\u00f3n como presidente de la Delegaci\u00f3n Argentina ante la Comisi\u00f3n T\u00e9cnica Mixta de Salto Grande (CTM), fue oficializada este jueves en el Bolet\u00edn Oficial de la Naci\u00f3. Resta ahora conocer quien lo reemplazar\u00e1 en el Ministro de Planeamiento de la provincia<\/strong><\/em><\/p>\n<p>&nbsp;<\/p>\n<p>El ministro de Planeamiento, Infraestructura y Servicios de la provincia, Luis Benedetto, fue designado mediante el decreto 314\/2020, publicado este jueves en el Bolet\u00edn Oficial de la Naci\u00f3n, con la firma del presidente, Alberto Fern\u00e1ndez, el jefe de Gabinete, Santiago Cafiero y el canciller, Felipe Sola.<\/p>\n<p>Benedetto reemplazar\u00e1 a Roberto Domingo Niez, que estuvo al frente durante el gobierno de Mauricio Macri.<\/p>\n<p>Se espera ahora conocer el nombre de quien lo reemplazar\u00e1 en el Ministerio de Planeamiento.<\/p>\n<p>La CTM tiene a su cargo los asuntos referentes a la utilizaci\u00f3n, represamiento y derivaci\u00f3n de las aguas del r\u00edo Uruguay.<\/p>\n<p>Desde diciembre, Benedetto desempe\u00f1aba tambi\u00e9n el cargo de presidente de la Comisi\u00f3n Administrado para el Fondo Especial de Salto Grande (Cafesg) con car\u00e1cter ad honorem, continuando adem\u00e1s con su rol al frente del Ministerio de Planeamiento, Infraestructura y Servicios de la Provincia.<\/p>\n","protected":false},"excerpt":{"rendered":"<p>Su designaci\u00f3n como presidente de la Delegaci\u00f3n Argentina ante la Comisi\u00f3n T\u00e9cnica Mixta de Salto Grande (CTM), fue oficializada este jueves en el Bolet\u00edn Oficial de la Naci\u00f3. Resta ahora conocer quien lo reemplazar\u00e1 en el Ministro de Planeamiento de la provincia &nbsp; El ministro de Planeamiento, Infraestructura y Servicios de la provincia, Luis Benedetto, fue designado mediante el decreto 314\/2020, publicado este jueves en el Bolet\u00edn Oficial de la Naci\u00f3n, con la firma del presidente, Alberto Fern\u00e1ndez, el jefe de Gabinete, Santiago Cafiero y el canciller, Felipe Sola. Benedetto&#8230;<\/p>\n","protected":false},"author":3,"featured_media":59554,"comment_status":"closed","ping_status":"closed","sticky":false,"template":"","format":"standard","meta":[],"categories":[15],"tags":[],"_links":{"self":[{"href":"https:\/\/www.actualidadadiario.com\/index.php\/wp-json\/wp\/v2\/posts\/59553"}],"collection":[{"href":"https:\/\/www.actualidadadiario.com\/index.php\/wp-json\/wp\/v2\/posts"}],"about":[{"href":"https:\/\/www.actualidadadiario.com\/index.php\/wp-json\/wp\/v2\/types\/post"}],"author":[{"embeddable":true,"href":"https:\/\/www.actualidadadiario.com\/index.php\/wp-json\/wp\/v2\/users\/3"}],"replies":[{"embeddable":true,"href":"https:\/\/www.actualidadadiario.com\/index.php\/wp-json\/wp\/v2\/comments?post=59553"}],"version-history":[{"count":1,"href":"https:\/\/www.actualidadadiario.com\/index.php\/wp-json\/wp\/v2\/posts\/59553\/revisions"}],"predecessor-version":[{"id":59555,"href":"https:\/\/www.actualidadadiario.com\/index.php\/wp-json\/wp\/v2\/posts\/59553\/revisions\/59555"}],"wp:featuredmedia":[{"embeddable":true,"href":"https:\/\/www.actualidadadiario.com\/index.php\/wp-json\/wp\/v2\/media\/59554"}],"wp:attachment":[{"href":"https:\/\/www.actualidadadiario.com\/index.php\/wp-json\/wp\/v2\/media?parent=59553"}],"wp:term":[{"taxonomy":"category","embeddable":true,"href":"https:\/\/www.actualidadadiario.com\/index.php\/wp-json\/wp\/v2\/categories?post=59553"},{"taxonomy":"post_tag","embeddable":true,"href":"https:\/\/www.actualidadadiario.com\/index.php\/wp-json\/wp\/v2\/tags?post=59553"}],"curies":[{"name":"wp","href":"https:\/\/api.w.org\/{rel}","templated":true}]}}