{"id":59550,"date":"2020-03-27T16:56:51","date_gmt":"2020-03-27T19:56:51","guid":{"rendered":"https:\/\/www.actualidadadiario.com\/?p=59550"},"modified":"2020-03-27T16:56:51","modified_gmt":"2020-03-27T19:56:51","slug":"presentan-un-protocolo-de-trabajo-ante-el-inicio-de-la-cosecha-de-citrus-en-la-provincia","status":"publish","type":"post","link":"https:\/\/www.actualidadadiario.com\/index.php\/2020\/03\/27\/presentan-un-protocolo-de-trabajo-ante-el-inicio-de-la-cosecha-de-citrus-en-la-provincia\/","title":{"rendered":"Presentan un protocolo de trabajo ante el inicio de la cosecha de citrus en la provincia"},"content":{"rendered":"<p style=\"text-align: center;\"><em><strong>En el marco de la emergencia sanitaria por covid-19, el gobierno provincial present\u00f3 un protocolo de trabajo ante el inicio de la cosecha de citrus en la provincia<\/strong><\/em><\/p>\n<p>&nbsp;<\/p>\n<p>&nbsp;<\/p>\n<p>Se hizo a trav\u00e9s del Ministerio de Producci\u00f3n y sucedi\u00f3 en Concordia durante un encuentro con autoridades de la cartera productiva, encabezada por el ministro Juan Jos\u00e9 Bahillo; los intendentes de la ciudad anfitriona, Alfredo Fracolini; y de Federaci\u00f3n, Ricardo Bravo, y representantes de los citricultores.<\/p>\n<p>&#8220;Esta es una actividad muy importante para la regi\u00f3n, que no se detiene porque est\u00e1 exceptuada dentro del decreto presidencial\u201d, precis\u00f3 Bahillo.<\/p>\n<p>Por su parte, el secretario de Agricultura y Ganader\u00eda, Lucio Amavet, aport\u00f3 que est\u00e1 garantizada la zafra, como tambi\u00e9n la distribuci\u00f3n de los alimentos.<\/p>\n<p>\u201cLo que tenemos que hacer es respetar y cumplir con las medidas de prevenci\u00f3n que indican los profesionales de la salud, para el cuidado de los trabajadores&#8221;, indic\u00f3 Bahillo. Precis\u00f3 que el protocolo estar\u00e1 listo para antes del inicio de la cosecha.<\/p>\n<p>Por su parte, el intendente de Concordia, coment\u00f3: \u201cTomamos los recaudos necesarios atento a que en los pr\u00f3ximos meses habr\u00e1 un gran movimiento de personas yendo a trabajar a cada una de las quintas&#8221;.<\/p>\n<p>El protocolo prev\u00e9 medidas que alcanzan desde el traslado de los trabajadores a las labores en las industrias, cuidados de la ropa, la cosecha y el regreso a sus hogares. Por caso, se determina el lavado y desinfecci\u00f3n interior y exterior del micro antes de que ingresen las personas. Todos los pasajeros deben lavarse (con jab\u00f3n y durante 60 segundos) y desinfectarse la manos y antebrazo antes de subir. Los medios de transporte circular\u00e1n idealmente con ventanas abiertas, con la finalidad de favorecer una mayor ventilaci\u00f3n.<\/p>\n<p>En cuanto a la indumentaria se impone la obligaci\u00f3n de lavarla a una temperatura mayor a los 60\u00b0C y utilizarla solo para ir a trabajar. Otro de los aspectos bajo consideraci\u00f3n del protocolo indica que antes del comienzo de la campa\u00f1a los trabajadores tienen que estar capacitados en higiene, salud y seguridad. Las consideraciones alcanzan a los trabajadores argentinos ya que no incluye a personas extranjeras dentro del personal.<\/p>\n","protected":false},"excerpt":{"rendered":"<p>En el marco de la emergencia sanitaria por covid-19, el gobierno provincial present\u00f3 un protocolo de trabajo ante el inicio de la cosecha de citrus en la provincia &nbsp; &nbsp; Se hizo a trav\u00e9s del Ministerio de Producci\u00f3n y sucedi\u00f3 en Concordia durante un encuentro con autoridades de la cartera productiva, encabezada por el ministro Juan Jos\u00e9 Bahillo; los intendentes de la ciudad anfitriona, Alfredo Fracolini; y de Federaci\u00f3n, Ricardo Bravo, y representantes de los citricultores. &#8220;Esta es una actividad muy importante para la regi\u00f3n, que no se detiene porque&#8230;<\/p>\n","protected":false},"author":3,"featured_media":59551,"comment_status":"closed","ping_status":"closed","sticky":false,"template":"","format":"standard","meta":[],"categories":[15],"tags":[],"_links":{"self":[{"href":"https:\/\/www.actualidadadiario.com\/index.php\/wp-json\/wp\/v2\/posts\/59550"}],"collection":[{"href":"https:\/\/www.actualidadadiario.com\/index.php\/wp-json\/wp\/v2\/posts"}],"about":[{"href":"https:\/\/www.actualidadadiario.com\/index.php\/wp-json\/wp\/v2\/types\/post"}],"author":[{"embeddable":true,"href":"https:\/\/www.actualidadadiario.com\/index.php\/wp-json\/wp\/v2\/users\/3"}],"replies":[{"embeddable":true,"href":"https:\/\/www.actualidadadiario.com\/index.php\/wp-json\/wp\/v2\/comments?post=59550"}],"version-history":[{"count":1,"href":"https:\/\/www.actualidadadiario.com\/index.php\/wp-json\/wp\/v2\/posts\/59550\/revisions"}],"predecessor-version":[{"id":59552,"href":"https:\/\/www.actualidadadiario.com\/index.php\/wp-json\/wp\/v2\/posts\/59550\/revisions\/59552"}],"wp:featuredmedia":[{"embeddable":true,"href":"https:\/\/www.actualidadadiario.com\/index.php\/wp-json\/wp\/v2\/media\/59551"}],"wp:attachment":[{"href":"https:\/\/www.actualidadadiario.com\/index.php\/wp-json\/wp\/v2\/media?parent=59550"}],"wp:term":[{"taxonomy":"category","embeddable":true,"href":"https:\/\/www.actualidadadiario.com\/index.php\/wp-json\/wp\/v2\/categories?post=59550"},{"taxonomy":"post_tag","embeddable":true,"href":"https:\/\/www.actualidadadiario.com\/index.php\/wp-json\/wp\/v2\/tags?post=59550"}],"curies":[{"name":"wp","href":"https:\/\/api.w.org\/{rel}","templated":true}]}}