{"id":59547,"date":"2020-03-27T16:56:02","date_gmt":"2020-03-27T19:56:02","guid":{"rendered":"https:\/\/www.actualidadadiario.com\/?p=59547"},"modified":"2020-03-27T16:56:02","modified_gmt":"2020-03-27T19:56:02","slug":"confirmaron-cuatro-nuevos-casos-de-covid-en-entre-rios","status":"publish","type":"post","link":"https:\/\/www.actualidadadiario.com\/index.php\/2020\/03\/27\/confirmaron-cuatro-nuevos-casos-de-covid-en-entre-rios\/","title":{"rendered":"Confirmaron cuatro nuevos casos de COVID en Entre R\u00edos"},"content":{"rendered":"<p style=\"text-align: center;\"><em><strong>La Administraci\u00f3n Nacional de Laboratorios e Instituto de Salud Carlos Malbr\u00e1n inform\u00f3 al Ministerio de Salud de Entre R\u00edos, la confirmaci\u00f3n de cuatro nuevos casos positivos de COVID-19. De ese modo, se totalizan 11\u00a0 los casos confirmados<\/strong><\/em><\/p>\n<p>&nbsp;<\/p>\n<p>&nbsp;<\/p>\n<p>El primero de ellos se trata de un paciente residente en Entre R\u00edos pero que fue atendido en la provincia del Chaco, de acuerdo a lo que inform\u00f3 su \u00e1rea de vigilancia epidemiol\u00f3gica la cual est\u00e1 analizando si tuvo o no circulaci\u00f3n en Entre R\u00edos.<\/p>\n<p>El segundo de los casos, corresponde a una adulta mayor que fue atendida en un\u00a0 centro privado de la ciudad de Paran\u00e1 y que tuvo estrecho contacto con gente que lleg\u00f3 de viaje del exterior.<\/p>\n<p>El tercer caso, se trata de una joven con antecedente de viaje y atendida en el hospital p\u00fablico de la ciudad de La Paz.<\/p>\n<p>El cuatro caso, corresponde a un hombre residente en el departamento Diamante, tambi\u00e9n con antecedentes de viaje.<\/p>\n","protected":false},"excerpt":{"rendered":"<p>La Administraci\u00f3n Nacional de Laboratorios e Instituto de Salud Carlos Malbr\u00e1n inform\u00f3 al Ministerio de Salud de Entre R\u00edos, la confirmaci\u00f3n de cuatro nuevos casos positivos de COVID-19. De ese modo, se totalizan 11\u00a0 los casos confirmados &nbsp; &nbsp; El primero de ellos se trata de un paciente residente en Entre R\u00edos pero que fue atendido en la provincia del Chaco, de acuerdo a lo que inform\u00f3 su \u00e1rea de vigilancia epidemiol\u00f3gica la cual est\u00e1 analizando si tuvo o no circulaci\u00f3n en Entre R\u00edos. El segundo de los casos, corresponde&#8230;<\/p>\n","protected":false},"author":3,"featured_media":59548,"comment_status":"closed","ping_status":"closed","sticky":false,"template":"","format":"standard","meta":[],"categories":[9],"tags":[],"_links":{"self":[{"href":"https:\/\/www.actualidadadiario.com\/index.php\/wp-json\/wp\/v2\/posts\/59547"}],"collection":[{"href":"https:\/\/www.actualidadadiario.com\/index.php\/wp-json\/wp\/v2\/posts"}],"about":[{"href":"https:\/\/www.actualidadadiario.com\/index.php\/wp-json\/wp\/v2\/types\/post"}],"author":[{"embeddable":true,"href":"https:\/\/www.actualidadadiario.com\/index.php\/wp-json\/wp\/v2\/users\/3"}],"replies":[{"embeddable":true,"href":"https:\/\/www.actualidadadiario.com\/index.php\/wp-json\/wp\/v2\/comments?post=59547"}],"version-history":[{"count":1,"href":"https:\/\/www.actualidadadiario.com\/index.php\/wp-json\/wp\/v2\/posts\/59547\/revisions"}],"predecessor-version":[{"id":59549,"href":"https:\/\/www.actualidadadiario.com\/index.php\/wp-json\/wp\/v2\/posts\/59547\/revisions\/59549"}],"wp:featuredmedia":[{"embeddable":true,"href":"https:\/\/www.actualidadadiario.com\/index.php\/wp-json\/wp\/v2\/media\/59548"}],"wp:attachment":[{"href":"https:\/\/www.actualidadadiario.com\/index.php\/wp-json\/wp\/v2\/media?parent=59547"}],"wp:term":[{"taxonomy":"category","embeddable":true,"href":"https:\/\/www.actualidadadiario.com\/index.php\/wp-json\/wp\/v2\/categories?post=59547"},{"taxonomy":"post_tag","embeddable":true,"href":"https:\/\/www.actualidadadiario.com\/index.php\/wp-json\/wp\/v2\/tags?post=59547"}],"curies":[{"name":"wp","href":"https:\/\/api.w.org\/{rel}","templated":true}]}}