{"id":59512,"date":"2020-03-26T12:39:33","date_gmt":"2020-03-26T15:39:33","guid":{"rendered":"https:\/\/www.actualidadadiario.com\/?p=59512"},"modified":"2020-03-26T12:39:33","modified_gmt":"2020-03-26T15:39:33","slug":"la-escuela-debe-seguir-funcionando-a-distancia","status":"publish","type":"post","link":"https:\/\/www.actualidadadiario.com\/index.php\/2020\/03\/26\/la-escuela-debe-seguir-funcionando-a-distancia\/","title":{"rendered":"&#8220;La escuela debe seguir funcionando a distancia&#8221;"},"content":{"rendered":"<p style=\"text-align: center;\"><em><strong>Lo afirm\u00f3 el ministro de Educaci\u00f3n, Nicol\u00e1s Trotta, en el marco de la crisis por el coronavirus<\/strong><\/em><\/p>\n<p>&nbsp;<\/p>\n<p>&nbsp;<\/p>\n<p>El ministro de Educaci\u00f3n de la Naci\u00f3n, Nicol\u00e1s Trotta, remarc\u00f3 que &#8220;en los pr\u00f3ximos d\u00edas se decidir\u00e1 si se prorroga la suspensi\u00f3n de clases&#8221; para priorizar la salud frente al coronavirus y asegur\u00f3 que habr\u00e1 dos desaf\u00edos, que &#8220;la escuela debe seguir funcionando&#8221; (a distancia) y recuperar los contenidos este a\u00f1o y el pr\u00f3ximo.<\/p>\n<p>&#8220;En los pr\u00f3ximos d\u00edas se va a tomar una decisi\u00f3n respecto al resto de las medidas de prevenci\u00f3n por el coronavirus y la organizaci\u00f3n escolar tambi\u00e9n&#8221;, asegur\u00f3 el ministro, que afirm\u00f3 que el primer desaf\u00edo de esa cartera es que &#8220;la escuela debe seguir funcionando&#8221; y, seg\u00fan se decida la extensi\u00f3n de la suspensi\u00f3n de clases, &#8220;deberemos ver c\u00f3mo generamos un mecanismo para acreditar saberes&#8221;.<\/p>\n<p>El ministro dijo que &#8220;este desaf\u00edo lo transita todo el sistema educativo a nivel global, tenemos 56 mil establecimientos educativos cerrados en la Argentina y todos nuestros estudiantes, m\u00e1s de 10 millones est\u00e9n en sus casas, era algo que nadie pod\u00eda prever&#8221;.<\/p>\n<p>Asimismo, el titular de la cartera educativa asegur\u00f3 que en estos diez \u00faltimos d\u00edas &#8220;se trabaj\u00f3 mucho para garantizar el derecho a la alimentaci\u00f3n y poder reemplazar el funcionamiento de los comedores con el esquema de viandas, porque ese es un compromiso que tenemos y muchas provincias ya lo est\u00e1n logrando&#8221;.<\/p>\n<p>A su vez, el ministro de Educaci\u00f3n afirm\u00f3 que &#8220;la inmensa mayor\u00eda de maestros y maestras de las provincias y Ciudad de Buenos Aires est\u00e1n llevando sus tareas desde los hogares y generando el v\u00ednculo con sus alumnos, que tambi\u00e9n es fundamental&#8221;.<\/p>\n<p>Remarc\u00f3 que desde el ministerio se encuentran &#8220;multiplicando contenidos desde la pantalla con los canales de Paka Paka, Canal 7, Encuentro e incluso del canal Am\u00e9rica y la p\u00e1gina web: educar.ar\/recursos.<\/p>\n","protected":false},"excerpt":{"rendered":"<p>Lo afirm\u00f3 el ministro de Educaci\u00f3n, Nicol\u00e1s Trotta, en el marco de la crisis por el coronavirus &nbsp; &nbsp; El ministro de Educaci\u00f3n de la Naci\u00f3n, Nicol\u00e1s Trotta, remarc\u00f3 que &#8220;en los pr\u00f3ximos d\u00edas se decidir\u00e1 si se prorroga la suspensi\u00f3n de clases&#8221; para priorizar la salud frente al coronavirus y asegur\u00f3 que habr\u00e1 dos desaf\u00edos, que &#8220;la escuela debe seguir funcionando&#8221; (a distancia) y recuperar los contenidos este a\u00f1o y el pr\u00f3ximo. &#8220;En los pr\u00f3ximos d\u00edas se va a tomar una decisi\u00f3n respecto al resto de las medidas de&#8230;<\/p>\n","protected":false},"author":3,"featured_media":59436,"comment_status":"closed","ping_status":"closed","sticky":false,"template":"","format":"standard","meta":[],"categories":[18],"tags":[],"_links":{"self":[{"href":"https:\/\/www.actualidadadiario.com\/index.php\/wp-json\/wp\/v2\/posts\/59512"}],"collection":[{"href":"https:\/\/www.actualidadadiario.com\/index.php\/wp-json\/wp\/v2\/posts"}],"about":[{"href":"https:\/\/www.actualidadadiario.com\/index.php\/wp-json\/wp\/v2\/types\/post"}],"author":[{"embeddable":true,"href":"https:\/\/www.actualidadadiario.com\/index.php\/wp-json\/wp\/v2\/users\/3"}],"replies":[{"embeddable":true,"href":"https:\/\/www.actualidadadiario.com\/index.php\/wp-json\/wp\/v2\/comments?post=59512"}],"version-history":[{"count":1,"href":"https:\/\/www.actualidadadiario.com\/index.php\/wp-json\/wp\/v2\/posts\/59512\/revisions"}],"predecessor-version":[{"id":59513,"href":"https:\/\/www.actualidadadiario.com\/index.php\/wp-json\/wp\/v2\/posts\/59512\/revisions\/59513"}],"wp:featuredmedia":[{"embeddable":true,"href":"https:\/\/www.actualidadadiario.com\/index.php\/wp-json\/wp\/v2\/media\/59436"}],"wp:attachment":[{"href":"https:\/\/www.actualidadadiario.com\/index.php\/wp-json\/wp\/v2\/media?parent=59512"}],"wp:term":[{"taxonomy":"category","embeddable":true,"href":"https:\/\/www.actualidadadiario.com\/index.php\/wp-json\/wp\/v2\/categories?post=59512"},{"taxonomy":"post_tag","embeddable":true,"href":"https:\/\/www.actualidadadiario.com\/index.php\/wp-json\/wp\/v2\/tags?post=59512"}],"curies":[{"name":"wp","href":"https:\/\/api.w.org\/{rel}","templated":true}]}}