{"id":59507,"date":"2020-03-26T12:36:50","date_gmt":"2020-03-26T15:36:50","guid":{"rendered":"https:\/\/www.actualidadadiario.com\/?p=59507"},"modified":"2020-03-26T12:36:50","modified_gmt":"2020-03-26T15:36:50","slug":"quienes-pueden-acceder-a-la-suspension-del-pago-de-servicios","status":"publish","type":"post","link":"https:\/\/www.actualidadadiario.com\/index.php\/2020\/03\/26\/quienes-pueden-acceder-a-la-suspension-del-pago-de-servicios\/","title":{"rendered":"Qui\u00e9nes pueden acceder a la suspensi\u00f3n del pago de servicios"},"content":{"rendered":"<p style=\"text-align: center;\"><em><strong>El decreto 311 prohibi\u00f3\u00a0 las empresas de servicios p\u00fablicos y telecomunicaciones el corte del suministro por 180 d\u00edas. Para qui\u00e9nes est\u00e1 enfocado<\/strong><\/em><\/p>\n<p>&nbsp;<\/p>\n<p>&nbsp;<\/p>\n<p>A trav\u00e9s del decreto 311, el gobierno nacional prohibi\u00f3 a las empresas que prestas servicios p\u00fablicos y de telecomunicaciones cortar el servicio por falta de pago durante 3 meses (marzo, abril y mayo).<\/p>\n<p>Los servicios incluidos en el texto oficial son energ\u00eda el\u00e9ctrica, gas por redes y agua corriente, telefon\u00eda fija o m\u00f3vil e Internet y TV por cable, por v\u00ednculo radioel\u00e9ctrico o satelital.<\/p>\n<p>&nbsp;<\/p>\n<p><strong>A qui\u00e9nes abarca:<\/strong><\/p>\n<ul>\n<li>Beneficiarios y beneficiarias de la Asignaci\u00f3n Universal por Hijo (AUH) y la Asignaci\u00f3n por Embarazo.<\/li>\n<li>Beneficiarios y beneficiarias de Pensiones no Contributivas que perciban ingresos mensuales brutos no superiores a DOS (2) veces el Salario M\u00ednimo Vital y M\u00f3vil.<\/li>\n<li>Usuarios inscriptos y usuarias inscriptas en el R\u00e9gimen de Monotributo Social.<\/li>\n<li>Jubilados y jubiladas; pensionadas y pensionados; y trabajadores y trabajadoras en relaci\u00f3n de dependencia que perciban una remuneraci\u00f3n bruta menor o igual a DOS (2) Salarios M\u00ednimos Vitales y M\u00f3viles.<\/li>\n<li>Trabajadores monotributistas inscriptos y trabajadoras monotributistas inscriptas en una categor\u00eda cuyo ingreso anual mensualizado no supere en 2 veces el Salario M\u00ednimo Vital y M\u00f3vil (33.750 pesos).<\/li>\n<li>Usuarios y usuarias que perciben seguro de desempleo.<\/li>\n<li>Electrodependientes, beneficiarios de la Ley N\u00b0 27.351.<\/li>\n<li>Usuarios incorporados y usuarias incorporadas en el R\u00e9gimen Especial de Seguridad Social para Empleados de Casas Particulares (Ley N\u00b0 26.844).<\/li>\n<li>Exentos en el pago de ABL o tributos locales de igual naturaleza.<\/li>\n<\/ul>\n<p>El decreto tambi\u00e9n incluye a quienes tengan algunos de estos servicios de manera prepaga: en el caso de las empresas prestadoras de energ\u00eda el\u00e9ctrica, deber\u00e1n brindar el servicio de manera normal por 3 meses a quienes no abonen la recarga. En el caso de las empresas de telefon\u00eda m\u00f3vil e internet, las empresas prestadoras deber\u00e1n brindar un servicio reducido que garantice la conectividad.<\/p>\n<p>&nbsp;<\/p>\n<p><strong>PyMes e instituciones de salud<\/strong><\/p>\n<p>Adem\u00e1s, la medida fue pensada tambi\u00e9n para peque\u00f1as y medianas empresas y para instituciones p\u00fablicas que est\u00e9n prestando servicio durante la emergencia sanitaria.<\/p>\n<p>Las Micro, Peque\u00f1as y Medianas Empresas (MiPyMES), conforme lo dispuesto por la Ley N\u00b0 25.300 afectadas en la emergencia, seg\u00fan lo establezca la reglamentaci\u00f3n;<\/p>\n<p>Las Cooperativas de Trabajo o Empresas Recuperadas inscriptas en el INAES afectadas en la emergencia<\/p>\n<p>Las instituciones de salud, p\u00fablicas y privadas afectadas en la emergencia, seg\u00fan lo establezca la reglamentaci\u00f3n<\/p>\n<p>Las Entidades de Bien P\u00fablico que contribuyan a la elaboraci\u00f3n y distribuci\u00f3n de alimentos en el marco de la emergencia alimentaria.<\/p>\n<p>&nbsp;<\/p>\n<p><strong>C\u00f3mo pagar la deuda<\/strong><\/p>\n<p>En el decreto se establece la obligatoriedad a las empresas de crear planes de facilidades de pago para cancelar la deuda generada durante estos 3 meses.<\/p>\n","protected":false},"excerpt":{"rendered":"<p>El decreto 311 prohibi\u00f3\u00a0 las empresas de servicios p\u00fablicos y telecomunicaciones el corte del suministro por 180 d\u00edas. Para qui\u00e9nes est\u00e1 enfocado &nbsp; &nbsp; A trav\u00e9s del decreto 311, el gobierno nacional prohibi\u00f3 a las empresas que prestas servicios p\u00fablicos y de telecomunicaciones cortar el servicio por falta de pago durante 3 meses (marzo, abril y mayo). Los servicios incluidos en el texto oficial son energ\u00eda el\u00e9ctrica, gas por redes y agua corriente, telefon\u00eda fija o m\u00f3vil e Internet y TV por cable, por v\u00ednculo radioel\u00e9ctrico o satelital. &nbsp; A&#8230;<\/p>\n","protected":false},"author":3,"featured_media":59508,"comment_status":"closed","ping_status":"closed","sticky":false,"template":"","format":"standard","meta":[],"categories":[2],"tags":[],"_links":{"self":[{"href":"https:\/\/www.actualidadadiario.com\/index.php\/wp-json\/wp\/v2\/posts\/59507"}],"collection":[{"href":"https:\/\/www.actualidadadiario.com\/index.php\/wp-json\/wp\/v2\/posts"}],"about":[{"href":"https:\/\/www.actualidadadiario.com\/index.php\/wp-json\/wp\/v2\/types\/post"}],"author":[{"embeddable":true,"href":"https:\/\/www.actualidadadiario.com\/index.php\/wp-json\/wp\/v2\/users\/3"}],"replies":[{"embeddable":true,"href":"https:\/\/www.actualidadadiario.com\/index.php\/wp-json\/wp\/v2\/comments?post=59507"}],"version-history":[{"count":1,"href":"https:\/\/www.actualidadadiario.com\/index.php\/wp-json\/wp\/v2\/posts\/59507\/revisions"}],"predecessor-version":[{"id":59509,"href":"https:\/\/www.actualidadadiario.com\/index.php\/wp-json\/wp\/v2\/posts\/59507\/revisions\/59509"}],"wp:featuredmedia":[{"embeddable":true,"href":"https:\/\/www.actualidadadiario.com\/index.php\/wp-json\/wp\/v2\/media\/59508"}],"wp:attachment":[{"href":"https:\/\/www.actualidadadiario.com\/index.php\/wp-json\/wp\/v2\/media?parent=59507"}],"wp:term":[{"taxonomy":"category","embeddable":true,"href":"https:\/\/www.actualidadadiario.com\/index.php\/wp-json\/wp\/v2\/categories?post=59507"},{"taxonomy":"post_tag","embeddable":true,"href":"https:\/\/www.actualidadadiario.com\/index.php\/wp-json\/wp\/v2\/tags?post=59507"}],"curies":[{"name":"wp","href":"https:\/\/api.w.org\/{rel}","templated":true}]}}