{"id":59501,"date":"2020-03-26T12:34:49","date_gmt":"2020-03-26T15:34:49","guid":{"rendered":"https:\/\/www.actualidadadiario.com\/?p=59501"},"modified":"2020-03-26T12:34:49","modified_gmt":"2020-03-26T15:34:49","slug":"suspenden-la-repatriacion-de-argentinos-en-el-exterior","status":"publish","type":"post","link":"https:\/\/www.actualidadadiario.com\/index.php\/2020\/03\/26\/suspenden-la-repatriacion-de-argentinos-en-el-exterior\/","title":{"rendered":"Suspenden la repatriaci\u00f3n de argentinos en el exterior"},"content":{"rendered":"<p style=\"text-align: center;\"><em><strong>El Presidente anunci\u00f3 el cierre total de fronteras por 15 d\u00edas. A los argentinos varados en distintas partes del mundo buscar\u00e1n darles recursos para subsistir<\/strong><\/em><\/p>\n<p>&nbsp;<\/p>\n<p>El Gobierno anunci\u00f3 que, por el momento, quedaron suspendidos los vuelos de repatriaci\u00f3n de argentinos varados en el exterior, a excepci\u00f3n de los mayores de 65 a\u00f1os, que forman parte del grupo de mayor riesgo al coronavirus. Lo mismo rige para quienes traten de entrar por las fronteras con pa\u00edses vecinos. &#8220;Hemos decidido no ingresar m\u00e1s gente, por lo tanto he instruido al canciller (Felipe Sol\u00e1) para que ayude con recursos a los que est\u00e9n en el exterior hasta que podamos ordenar este tema&#8221;, anunci\u00f3 el presidente Alberto Fern\u00e1ndez en una entrevista. Los argentinos por debajo de esa edad que se encuentren en diferentes partes del mundo, salvo alg\u00fan caso excepcional, deber\u00e1n permanecer en esos lugares hasta que &#8220;el riesgo en Argentina sea manejable&#8221;, seg\u00fan defini\u00f3 el Presidente.\u00a0 A esos alrededor de 10 mil argentinos que se encuentran varados, el Gobierno buscar\u00e1 ayudarlos para que puedan resolver d\u00f3nde alojarse y c\u00f3mo alimentarse durante los pr\u00f3ximos 15 d\u00edas.<\/p>\n<p>En el Gobierno explicaban que era una medida justificada en estrictas razones sanitarias, no en otro motivo. La puerta de entrada del virus en el pa\u00eds contin\u00faan siendo los argentinos que vienen de Europa y Estados Unidos, y es el foco con el que se busca cerrar. De lo contrario, todo el esfuerzo de la cuarentena y el parate econ\u00f3mico podr\u00eda resultar improductivo. En los \u00faltimos d\u00edas llegaron m\u00e1s pedidos de auxilio de argentinos en el exterior. Veinte mil decidieron viajar luego de que la Organizaci\u00f3n Mundial de la Salud (OMS) declarara al coronavirus como una pandemia mundial.<\/p>\n<p>Como coment\u00f3 Fern\u00e1ndez en la entrevista por Telef\u00e9, el Gobierno cruz\u00f3 los datos de los argentinos que regresaron en el \u00faltimo mes desde Asia, Europa y Estados Unidos, las zonas catalogadas como de alta circulaci\u00f3n del virus. Se trata de argentinos que est\u00e1n distribuidos por distintas partes del pa\u00eds, por lo que contin\u00faan siendo una preocupaci\u00f3n como posibles transmisores de la enfermedad. Por ejemplo, el hombre de 71 a\u00f1os que muri\u00f3 el martes en Mar del Plata, lleg\u00f3 de Espa\u00f1a con el virus y fue directamente internado en una cl\u00ednica en terapia intensiva. No s\u00f3lo comparti\u00f3 el vuelo sino tambi\u00e9n el traslado desde el aeropuerto con otros pasajeros. Un caso muy parecido se dio este mi\u00e9rcoles en Aerol\u00edneas, con otro pasajero que volvi\u00f3 de Madrid y que ocult\u00f3 su estado febril gracias a varios paracetamol. Cuando aterriz\u00f3 se sent\u00eda muy mal.<\/p>\n<p>&#8220;Estamos tratando de reglamentar solamente el ingreso de los mayores de 65 a\u00f1os porque son los que m\u00e1s riegos tienen&#8221;, precis\u00f3 el Presidente. Una cuesti\u00f3n m\u00e1s compleja de precisar ser\u00e1 qu\u00e9 otros pertenecen realmente a grupos de riesgo porque casi todos los argentinos que buscan volver ya consiguieron alg\u00fan certificado m\u00e9dico que da cuenta de supuestas patolog\u00edas de salud. &#8220;El resto que esperen un poco. Ya los iremos a socorrer cuando el riesgo argentino sea manejable&#8221;, advirti\u00f3 Fern\u00e1ndez.\u00a0 En el Gobierno desconocen cu\u00e1ntos de esos argentinos pueden ser portadores del virus y llegar\u00edan justo en los d\u00edas que se espera el pico de contagiados por la enfermedad, con lo que temen el colapso del sistema sanitario.<\/p>\n<p>Con todo, seg\u00fan lo que hab\u00eda trascendido del borrador del decreto que circulaba por algunos despachos, de la medida quedar\u00edan exceptuados los argentinos que se encontraban en tr\u00e1nsito en aeropuertos de la regi\u00f3n como San Pablo y Santiago de Chile.<\/p>\n<p>Aerol\u00edneas Argentinas repatri\u00f3 desde el pasado 13 de marzo m\u00e1s de 25 mil personas que se encontraban en el exterior. En los vuelos especiales organizados desde la Canciller\u00eda fueron unos 3 mil, mientras que el Ministerio de Defensa trajo 140 argentinos desde Per\u00fa en dos H\u00e9rcules de la Fuerza A\u00e9rea el pasado fin de semana. Seg\u00fan los c\u00e1lculos que hac\u00edan en Relaciones Exteriores todav\u00eda quedan unos 10 mil argentinos que reclaman volver. Aerol\u00edneas Argentinas realizar\u00e1 hasta el viernes sus \u00faltimos vuelos desde Miami, Madrid y Canc\u00fan. La empresa Latam tambi\u00e9n se mostr\u00f3 en los \u00faltimos d\u00edas activa en el trabajo de repatriaci\u00f3n, mayoritariamente con vuelos desde Estados Unidos y Europa.<\/p>\n<p>Pero el Presidente aclar\u00f3 que eso no quiere decir que el Aeropuerto de Ezeiza se cerrar\u00e1, sino que por unos d\u00edas no estar\u00e1 operativo porque no se permitir\u00e1 que ingresen vuelos. En cambio, puede que algunos salgan. Por ejemplo, est\u00e1n avanzadas las tratativas con Francia para que lleguen aviones en busca de los 1.700 ciudadanos franceses a quienes la cuarentena sorprendi\u00f3 en Argentina. Tambi\u00e9n est\u00e1n en conversaciones con Italia y Australia, entre otros gobiernos.<\/p>\n<p>Lo que quedaba por determinar es la complicada log\u00edstica para acercarles &#8220;recursos&#8221; a los argentinos en el exterior, tema al que ya se encontraban abocados desde ayer por la tarde en Canciller\u00eda. En principio, descartaban que esos recursos pudieran ser en efectivo. Por poner una cifra, si se tratara de mil d\u00f3lares ser\u00edan m\u00e1s de 80 mil pesos, una cifra muy superior a la destinada a auxiliar aqu\u00ed a monotributistas y beneficiarios de planes, por lo que se volver\u00eda pol\u00edticamente inviable. Lo que buscar\u00e1n es llegar a acuerdos con los diferentes gobiernos para que les ofrezcan alg\u00fan lugar donde hospedarse y forma de acceder a alimentos para pasar los 15 d\u00edas que, en principio, durar\u00eda la restricci\u00f3n. Los hoteles en la mayor\u00eda de los pa\u00edses est\u00e1n cerrados o destinados a atender la emergencia sanitaria.<\/p>\n","protected":false},"excerpt":{"rendered":"<p>El Presidente anunci\u00f3 el cierre total de fronteras por 15 d\u00edas. A los argentinos varados en distintas partes del mundo buscar\u00e1n darles recursos para subsistir &nbsp; El Gobierno anunci\u00f3 que, por el momento, quedaron suspendidos los vuelos de repatriaci\u00f3n de argentinos varados en el exterior, a excepci\u00f3n de los mayores de 65 a\u00f1os, que forman parte del grupo de mayor riesgo al coronavirus. Lo mismo rige para quienes traten de entrar por las fronteras con pa\u00edses vecinos. &#8220;Hemos decidido no ingresar m\u00e1s gente, por lo tanto he instruido al canciller&#8230;<\/p>\n","protected":false},"author":3,"featured_media":59502,"comment_status":"closed","ping_status":"closed","sticky":false,"template":"","format":"standard","meta":[],"categories":[2],"tags":[],"_links":{"self":[{"href":"https:\/\/www.actualidadadiario.com\/index.php\/wp-json\/wp\/v2\/posts\/59501"}],"collection":[{"href":"https:\/\/www.actualidadadiario.com\/index.php\/wp-json\/wp\/v2\/posts"}],"about":[{"href":"https:\/\/www.actualidadadiario.com\/index.php\/wp-json\/wp\/v2\/types\/post"}],"author":[{"embeddable":true,"href":"https:\/\/www.actualidadadiario.com\/index.php\/wp-json\/wp\/v2\/users\/3"}],"replies":[{"embeddable":true,"href":"https:\/\/www.actualidadadiario.com\/index.php\/wp-json\/wp\/v2\/comments?post=59501"}],"version-history":[{"count":1,"href":"https:\/\/www.actualidadadiario.com\/index.php\/wp-json\/wp\/v2\/posts\/59501\/revisions"}],"predecessor-version":[{"id":59503,"href":"https:\/\/www.actualidadadiario.com\/index.php\/wp-json\/wp\/v2\/posts\/59501\/revisions\/59503"}],"wp:featuredmedia":[{"embeddable":true,"href":"https:\/\/www.actualidadadiario.com\/index.php\/wp-json\/wp\/v2\/media\/59502"}],"wp:attachment":[{"href":"https:\/\/www.actualidadadiario.com\/index.php\/wp-json\/wp\/v2\/media?parent=59501"}],"wp:term":[{"taxonomy":"category","embeddable":true,"href":"https:\/\/www.actualidadadiario.com\/index.php\/wp-json\/wp\/v2\/categories?post=59501"},{"taxonomy":"post_tag","embeddable":true,"href":"https:\/\/www.actualidadadiario.com\/index.php\/wp-json\/wp\/v2\/tags?post=59501"}],"curies":[{"name":"wp","href":"https:\/\/api.w.org\/{rel}","templated":true}]}}