{"id":59499,"date":"2020-03-26T12:33:40","date_gmt":"2020-03-26T15:33:40","guid":{"rendered":"https:\/\/www.actualidadadiario.com\/?p=59499"},"modified":"2020-03-26T12:33:40","modified_gmt":"2020-03-26T15:33:40","slug":"extienden-el-plazo-de-inscripcion-para-el-plan-progresar-hasta-el-15-de-abril","status":"publish","type":"post","link":"https:\/\/www.actualidadadiario.com\/index.php\/2020\/03\/26\/extienden-el-plazo-de-inscripcion-para-el-plan-progresar-hasta-el-15-de-abril\/","title":{"rendered":"Extienden el plazo de inscripci\u00f3n para el plan Progresar hasta el 15 de abril"},"content":{"rendered":"<p style=\"text-align: center;\"><em><strong>El Ministerio de Educaci\u00f3n decidi\u00f3 prorrogar el plazo para la inscripci\u00f3n al Progresar en su l\u00ednea \u201cFinalizaci\u00f3n de la Educaci\u00f3n Obligatoria\u201d, hasta el 15 de abril. El Ministro de este \u00e1mbito, Nicol\u00e1s Trotta aprob\u00f3 esta determinaci\u00f3n. Esta norma se oficializa en medio de la cuarentena obligatoria decretada por el Gobierno. As\u00ed, fue publicada este jueves en el Bolet\u00edn Oficial, mediante la resoluci\u00f3n 138\/2020<\/strong><\/em><\/p>\n<p>&nbsp;<\/p>\n<p>De esta manera, decidieron tambi\u00e9n prorrogar el plazo para la inscripci\u00f3n al Programa de los miembros del grupo de vulnerabilidad multidimensional integrantes de comunidades ind\u00edgenas o pertenecientes a pueblos originarios. Regir\u00e1 para cualquiera de sus l\u00edneas, hasta el 30 de abril de 2020. De este modo, ampl\u00edan todos los plazos para que puedan anotarse los beneficiarios.<\/p>\n<p>Mediante el Decreto de Necesidad y Urgencia 84 del 23 de enero de 2014 se cre\u00f3 el \u201cPrograma de Respaldo a Estudiantes Argentinos\u201d (PROGRESAR). Con el fin de generar nuevas oportunidades de inclusi\u00f3n social a los j\u00f3venes en situaci\u00f3n de vulnerabilidad. Se llev\u00f3 adelante trav\u00e9s de acciones integradas que permitan su capacitaci\u00f3n e inserci\u00f3n laboral.<\/p>\n<p>En este sentido, la resoluci\u00f3n ministerial 70 de fecha 28 de febrero de 2020 se abri\u00f3 la convocatoria para las becas \u201cprogresar\u201d en todas sus l\u00edneas. Esta normativa fij\u00f3 como plazo m\u00e1ximo para llevar a cabo la inscripci\u00f3n el 31 de marzo. Asimismo, por el avance del coronavirus COVID-19 en el pa\u00eds, el Gobierno decret\u00f3 el aislamiento obligatorio. Por esto, tambi\u00e9n extienden las fechas para realizar este tr\u00e1mite.<\/p>\n<p>\u201cRazones operativas referidas a la modalidad de inscripci\u00f3n de los y las estudiantes, tornan necesario extender el plazo de inscripci\u00f3n del Progresar en su l\u00ednea \u00b4Finalizaci\u00f3n de la Educaci\u00f3n Obligatoria\u00b4. Y para aquellos alumnos que sean integrantes de las comunidades ind\u00edgenas y\/o pertenezcan a pueblos originarios\u201d, explican. Por este motivo, extienden la fecha para la inscripci\u00f3n.<\/p>\n","protected":false},"excerpt":{"rendered":"<p>El Ministerio de Educaci\u00f3n decidi\u00f3 prorrogar el plazo para la inscripci\u00f3n al Progresar en su l\u00ednea \u201cFinalizaci\u00f3n de la Educaci\u00f3n Obligatoria\u201d, hasta el 15 de abril. El Ministro de este \u00e1mbito, Nicol\u00e1s Trotta aprob\u00f3 esta determinaci\u00f3n. Esta norma se oficializa en medio de la cuarentena obligatoria decretada por el Gobierno. As\u00ed, fue publicada este jueves en el Bolet\u00edn Oficial, mediante la resoluci\u00f3n 138\/2020 &nbsp; De esta manera, decidieron tambi\u00e9n prorrogar el plazo para la inscripci\u00f3n al Programa de los miembros del grupo de vulnerabilidad multidimensional integrantes de comunidades ind\u00edgenas o&#8230;<\/p>\n","protected":false},"author":3,"featured_media":58305,"comment_status":"closed","ping_status":"closed","sticky":false,"template":"","format":"standard","meta":[],"categories":[2],"tags":[],"_links":{"self":[{"href":"https:\/\/www.actualidadadiario.com\/index.php\/wp-json\/wp\/v2\/posts\/59499"}],"collection":[{"href":"https:\/\/www.actualidadadiario.com\/index.php\/wp-json\/wp\/v2\/posts"}],"about":[{"href":"https:\/\/www.actualidadadiario.com\/index.php\/wp-json\/wp\/v2\/types\/post"}],"author":[{"embeddable":true,"href":"https:\/\/www.actualidadadiario.com\/index.php\/wp-json\/wp\/v2\/users\/3"}],"replies":[{"embeddable":true,"href":"https:\/\/www.actualidadadiario.com\/index.php\/wp-json\/wp\/v2\/comments?post=59499"}],"version-history":[{"count":1,"href":"https:\/\/www.actualidadadiario.com\/index.php\/wp-json\/wp\/v2\/posts\/59499\/revisions"}],"predecessor-version":[{"id":59500,"href":"https:\/\/www.actualidadadiario.com\/index.php\/wp-json\/wp\/v2\/posts\/59499\/revisions\/59500"}],"wp:featuredmedia":[{"embeddable":true,"href":"https:\/\/www.actualidadadiario.com\/index.php\/wp-json\/wp\/v2\/media\/58305"}],"wp:attachment":[{"href":"https:\/\/www.actualidadadiario.com\/index.php\/wp-json\/wp\/v2\/media?parent=59499"}],"wp:term":[{"taxonomy":"category","embeddable":true,"href":"https:\/\/www.actualidadadiario.com\/index.php\/wp-json\/wp\/v2\/categories?post=59499"},{"taxonomy":"post_tag","embeddable":true,"href":"https:\/\/www.actualidadadiario.com\/index.php\/wp-json\/wp\/v2\/tags?post=59499"}],"curies":[{"name":"wp","href":"https:\/\/api.w.org\/{rel}","templated":true}]}}