{"id":59495,"date":"2020-03-26T12:31:50","date_gmt":"2020-03-26T15:31:50","guid":{"rendered":"https:\/\/www.actualidadadiario.com\/?p=59495"},"modified":"2020-03-26T12:31:50","modified_gmt":"2020-03-26T15:31:50","slug":"gobernadores-refuerzan-ayuda-social-y-se-blindan-con-oposicion","status":"publish","type":"post","link":"https:\/\/www.actualidadadiario.com\/index.php\/2020\/03\/26\/gobernadores-refuerzan-ayuda-social-y-se-blindan-con-oposicion\/","title":{"rendered":"Gobernadores refuerzan ayuda social y se blindan con oposici\u00f3n"},"content":{"rendered":"<p style=\"text-align: center;\"><em><strong>En medio de la embestida contra la pandemia, los mandatarios hacen foco en asistir con recursos extra a los sectores m\u00e1s vulnerables, en el marco del temor de potenciales desbordes. Mientras tanto, se multiplican en las provincias las fotos conjuntas con la oposici\u00f3n, en se\u00f1al de unidad ante la sociedad<\/strong><\/em><\/p>\n<p>&nbsp;<\/p>\n<p>&nbsp;<\/p>\n<p>En paralelo al combate directo al avance del coronavirus, los gobernadores salieron a reforzar con fondos extra a los sectores m\u00e1s vulnerables -cuyos magros ingresos se ven directamente golpeados por la cuarentena-, mientras crece el n\u00famero de mandatarios que se muestra con la oposici\u00f3n para dar a la sociedad una se\u00f1al de solidez y unidad en los esfuerzos por enfrentar la pandemia.<\/p>\n<p>En las \u00faltimas horas protagonizaron esa foto tres peronistas: el santafesino Omar Perotti, el catamarque\u00f1o Ra\u00fal Jalil y la santacruce\u00f1a Alicia Kirchner, quienes analizaron con dirigentes opositores las medidas contra el Covid-19.<\/p>\n<p>Perotti recibi\u00f3 el martes en la Casa de Gobierno a todo el arco pol\u00edtico provincial -con el socialista Miguel Lifschitz a la cabeza-, mientras que Jalil hizo lo propio este mi\u00e9rcoles -barbijos de por medio, que ser\u00e1 obligatorio desde el viernes en la provincia- con legisladores de la oposici\u00f3n. \u201cEs un enorme aporte estar juntos y unidos ante una crisis que nos afecta por igual a todos\u201d, dijo el mandatario catamarque\u00f1o.<\/p>\n<p>Alicia Kirchner, por su parte, tambi\u00e9n fue anfitriona de un encuentro con dirigentes de la oposici\u00f3n. \u201cClaramente nos pusimos a disposici\u00f3n; \u00e9ste es un momento en el que tenemos que estar todos juntos\u201d, dijo la diputada nacional radical Roxana Reyes.<\/p>\n<p>Una de las prioridades analizadas en esos encuentros fue la necesidad de reforzar los ingresos de los sectores m\u00e1s vulnerables, en el marco del temor de que estallen desbordes sociales ante la falta de ingresos para sostener necesidades m\u00ednimas.<\/p>\n<p>Por eso se multiplicaron en las \u00faltimas horas los anuncios de fondos adicionales para esa franja m\u00e1s desprotegida.<\/p>\n<p>En esa l\u00ednea, por caso, el cordob\u00e9s Juan Schiaretti confirm\u00f3 este mi\u00e9rcoles que desde el pr\u00f3ximo lunes los beneficiarios de la Tarjeta Social de la Provincia tendr\u00e1n acreditados 2.000 pesos \u201ccomo forma de acompa\u00f1arlos hasta que lleguen los recursos del Gobierno nacional.\u201d<\/p>\n<p>Por su parte, el justicialista entrerriano Gustavo Bordet orden\u00f3 \u201cla adquisici\u00f3n por m\u00e1s de 50 millones de pesos de alimentos para ser distribuidos entre la poblaci\u00f3n que m\u00e1s lo est\u00e1 requiriendo\u201d.<\/p>\n<p>En sinton\u00eda, el sanjuanino Sergio U\u00f1ac anunci\u00f3 un paquete de medidas, que en el plano de los sectores vulnerables incluye la implementaci\u00f3n de una Asistencia Alimentaria de Emergencia. Una medida que -dijo- alcanza a \u201ctodos los sectores que est\u00e1n sufriendo esta crisis, que no s\u00f3lo son quienes no ten\u00edan trabajo al momento de la declaraci\u00f3n de la pandemia sino tambi\u00e9n para aquellos que, aun teniendo trabajo y producto de la paralizaci\u00f3n econ\u00f3mica, est\u00e1n empezando a tener problemas de subsistencia a la fecha\u201d.<\/p>\n","protected":false},"excerpt":{"rendered":"<p>En medio de la embestida contra la pandemia, los mandatarios hacen foco en asistir con recursos extra a los sectores m\u00e1s vulnerables, en el marco del temor de potenciales desbordes. Mientras tanto, se multiplican en las provincias las fotos conjuntas con la oposici\u00f3n, en se\u00f1al de unidad ante la sociedad &nbsp; &nbsp; En paralelo al combate directo al avance del coronavirus, los gobernadores salieron a reforzar con fondos extra a los sectores m\u00e1s vulnerables -cuyos magros ingresos se ven directamente golpeados por la cuarentena-, mientras crece el n\u00famero de mandatarios&#8230;<\/p>\n","protected":false},"author":3,"featured_media":59114,"comment_status":"closed","ping_status":"closed","sticky":false,"template":"","format":"standard","meta":[],"categories":[2],"tags":[],"_links":{"self":[{"href":"https:\/\/www.actualidadadiario.com\/index.php\/wp-json\/wp\/v2\/posts\/59495"}],"collection":[{"href":"https:\/\/www.actualidadadiario.com\/index.php\/wp-json\/wp\/v2\/posts"}],"about":[{"href":"https:\/\/www.actualidadadiario.com\/index.php\/wp-json\/wp\/v2\/types\/post"}],"author":[{"embeddable":true,"href":"https:\/\/www.actualidadadiario.com\/index.php\/wp-json\/wp\/v2\/users\/3"}],"replies":[{"embeddable":true,"href":"https:\/\/www.actualidadadiario.com\/index.php\/wp-json\/wp\/v2\/comments?post=59495"}],"version-history":[{"count":1,"href":"https:\/\/www.actualidadadiario.com\/index.php\/wp-json\/wp\/v2\/posts\/59495\/revisions"}],"predecessor-version":[{"id":59496,"href":"https:\/\/www.actualidadadiario.com\/index.php\/wp-json\/wp\/v2\/posts\/59495\/revisions\/59496"}],"wp:featuredmedia":[{"embeddable":true,"href":"https:\/\/www.actualidadadiario.com\/index.php\/wp-json\/wp\/v2\/media\/59114"}],"wp:attachment":[{"href":"https:\/\/www.actualidadadiario.com\/index.php\/wp-json\/wp\/v2\/media?parent=59495"}],"wp:term":[{"taxonomy":"category","embeddable":true,"href":"https:\/\/www.actualidadadiario.com\/index.php\/wp-json\/wp\/v2\/categories?post=59495"},{"taxonomy":"post_tag","embeddable":true,"href":"https:\/\/www.actualidadadiario.com\/index.php\/wp-json\/wp\/v2\/tags?post=59495"}],"curies":[{"name":"wp","href":"https:\/\/api.w.org\/{rel}","templated":true}]}}