{"id":59489,"date":"2020-03-26T12:29:38","date_gmt":"2020-03-26T15:29:38","guid":{"rendered":"https:\/\/www.actualidadadiario.com\/?p=59489"},"modified":"2020-03-26T12:29:38","modified_gmt":"2020-03-26T15:29:38","slug":"la-cuarentena-obligatoria-por-el-coronavirus-seguira-hasta-mediados-de-abril","status":"publish","type":"post","link":"https:\/\/www.actualidadadiario.com\/index.php\/2020\/03\/26\/la-cuarentena-obligatoria-por-el-coronavirus-seguira-hasta-mediados-de-abril\/","title":{"rendered":"La cuarentena obligatoria por el coronavirus seguir\u00e1 hasta mediados de abril"},"content":{"rendered":"<p style=\"text-align: center;\"><em><strong>Alberto Fern\u00e1ndez, decidi\u00f3 prolongar la cuarentena obligatoria hasta mediados de abril. En un principio la misma estaba prevista hasta el 31 de marzo. Sin embargo, el mandatario determin\u00f3 que el aislamiento no terminar\u00e1 a fin de mes sino el 13 de abril. En declaraciones a la prensa afirm\u00f3 que entre la salud y la econom\u00eda, \u00e9l prioriza la salud<\/strong><\/em><\/p>\n<p>&nbsp;<\/p>\n<p>Alejandro Costa, Subsecretario de Estrategias Sanitarias, asever\u00f3 hoy, mediante una conferencia de prensa que en la Argentina los contagiados por coronavirus ya son 502. Adem\u00e1s diversos especialistas de la salud afirmaron que el pico m\u00e1ximo de infectados tendr\u00e1 lugar a mitad del mes que viene.<\/p>\n<p>En cuanto a la fecha elegida para prolongar el aislamiento la misma coincide con el fin de semana largo por Semana Santa. Otro dato a considerar es que Alberto Fern\u00e1ndez sigue minuto a minuto desde la Casa Rosada lo que va ocurriendo con el COVID-19. Para eso, se encuentra en comunicaci\u00f3n directa y permanente con el jefe de Gabinete, Santiago Cafiero, encargado del Comit\u00e9 Operativo de Emergencia (COE).<\/p>\n<p>Adem\u00e1s, el mandatario afirm\u00f3 que el mundo est\u00e1 tomando a la Argentina como un \u201cmodelo a seguir\u201d, debido a que, puso en marcha \u201cantes que nadie\u201d las medidas de la cuarentena. En el marco del programa \u201cCorta por Lozano\u201d el jefe de Estado asegur\u00f3 que desde el gobierno est\u00e1n tomando todas las disposiciones necesarias para lograr que el contagio sea \u201cpaulatino\u201d. Sin embargo expres\u00f3 que para que eso sea as\u00ed es fundamental que la gente cumpla con el confinamiento.<\/p>\n<p>El gobernante hizo hincapi\u00e9 en la situaci\u00f3n que est\u00e1n atravesando pa\u00edses como Italia y Espa\u00f1a. Precis\u00f3 que por no haber tomado las medidas necesarias a tiempo, hoy se exponen a altos riesgos. Es por eso que remarc\u00f3 la importancia de permanecer en los hogares. Para concluir subray\u00f3 que los d\u00edas de aislamiento no constituyen vacaciones ni tiempo para pasear si no que es una manera de contribuir a disminuir el riesgo.<\/p>\n","protected":false},"excerpt":{"rendered":"<p>Alberto Fern\u00e1ndez, decidi\u00f3 prolongar la cuarentena obligatoria hasta mediados de abril. En un principio la misma estaba prevista hasta el 31 de marzo. Sin embargo, el mandatario determin\u00f3 que el aislamiento no terminar\u00e1 a fin de mes sino el 13 de abril. En declaraciones a la prensa afirm\u00f3 que entre la salud y la econom\u00eda, \u00e9l prioriza la salud &nbsp; Alejandro Costa, Subsecretario de Estrategias Sanitarias, asever\u00f3 hoy, mediante una conferencia de prensa que en la Argentina los contagiados por coronavirus ya son 502. Adem\u00e1s diversos especialistas de la salud&#8230;<\/p>\n","protected":false},"author":3,"featured_media":59490,"comment_status":"closed","ping_status":"closed","sticky":false,"template":"","format":"standard","meta":[],"categories":[9],"tags":[],"_links":{"self":[{"href":"https:\/\/www.actualidadadiario.com\/index.php\/wp-json\/wp\/v2\/posts\/59489"}],"collection":[{"href":"https:\/\/www.actualidadadiario.com\/index.php\/wp-json\/wp\/v2\/posts"}],"about":[{"href":"https:\/\/www.actualidadadiario.com\/index.php\/wp-json\/wp\/v2\/types\/post"}],"author":[{"embeddable":true,"href":"https:\/\/www.actualidadadiario.com\/index.php\/wp-json\/wp\/v2\/users\/3"}],"replies":[{"embeddable":true,"href":"https:\/\/www.actualidadadiario.com\/index.php\/wp-json\/wp\/v2\/comments?post=59489"}],"version-history":[{"count":1,"href":"https:\/\/www.actualidadadiario.com\/index.php\/wp-json\/wp\/v2\/posts\/59489\/revisions"}],"predecessor-version":[{"id":59491,"href":"https:\/\/www.actualidadadiario.com\/index.php\/wp-json\/wp\/v2\/posts\/59489\/revisions\/59491"}],"wp:featuredmedia":[{"embeddable":true,"href":"https:\/\/www.actualidadadiario.com\/index.php\/wp-json\/wp\/v2\/media\/59490"}],"wp:attachment":[{"href":"https:\/\/www.actualidadadiario.com\/index.php\/wp-json\/wp\/v2\/media?parent=59489"}],"wp:term":[{"taxonomy":"category","embeddable":true,"href":"https:\/\/www.actualidadadiario.com\/index.php\/wp-json\/wp\/v2\/categories?post=59489"},{"taxonomy":"post_tag","embeddable":true,"href":"https:\/\/www.actualidadadiario.com\/index.php\/wp-json\/wp\/v2\/tags?post=59489"}],"curies":[{"name":"wp","href":"https:\/\/api.w.org\/{rel}","templated":true}]}}