{"id":59483,"date":"2020-03-26T12:22:55","date_gmt":"2020-03-26T15:22:55","guid":{"rendered":"https:\/\/www.actualidadadiario.com\/?p=59483"},"modified":"2020-03-26T12:22:55","modified_gmt":"2020-03-26T15:22:55","slug":"cresto-y-su-partida-al-enohsa-desde-la-intendencia-no-iba-a-lograr-lo-que-necesita-concordia","status":"publish","type":"post","link":"https:\/\/www.actualidadadiario.com\/index.php\/2020\/03\/26\/cresto-y-su-partida-al-enohsa-desde-la-intendencia-no-iba-a-lograr-lo-que-necesita-concordia\/","title":{"rendered":"Cresto y su partida al ENOHSA: \u201cDesde la intendencia no iba a lograr lo que necesita Concordia\u201d"},"content":{"rendered":"<p style=\"text-align: center;\"><em><strong>El titular del ENOHSA dio sus fundamentos pol\u00edticos para dejar su puesto en el municipio. Habl\u00f3 de su proyecci\u00f3n, de su relaci\u00f3n pol\u00edtica e institucional con Bordet<\/strong><\/em><\/p>\n<p>&nbsp;<\/p>\n<p>En esta cuarentena, Enrique Cresto pasa mitad del tiempo en Concordia, junto al Comit\u00e9 de Emergencia del municipio; mitad en Buenos Aires, en su despacho en el ENOHSA (Ente Nacional de Obras H\u00eddricas de Saneamiento).<\/p>\n<p>Pasado este fin de semana largo, tiene previsto firmar un protocolo con la Uocra fijando criterios para que se puedan continuar algunas obras con el cuidado que la emergencia sanitaria requiere: \u201cLa idea es que los trabajos est\u00e9n a cargo de menores de 60 a\u00f1os y que se tenga cuidado y se trate de evitar el trabajo de personas que conviven con mayores de 60 a\u00f1os\u201d.<\/p>\n<p>\u201cLa idea es que las obras no se paralicen. Incluso queremos ahora reactivar una obra, un colector en Paran\u00e1 que la empresa Quaranta fren\u00f3 y despidi\u00f3 a los 34 trabajadores hace unas semanas\u201d, mencion\u00f3.<\/p>\n<p>&nbsp;<\/p>\n<p><strong>Su relaci\u00f3n con Frigerio y los jefes del conurbano<\/strong><\/p>\n<p>Cont\u00f3 Cresto que su designaci\u00f3n en el ENOHSA se ven\u00eda barajando bastante antes de que se hiciera p\u00fablica la convocatoria. Se explica, parcialmente, por su v\u00ednculo con algunos de quienes eran intendentes bonaerenses en la gesti\u00f3n anterior y que tienen en el hoy ministro de Obras P\u00fablicas, Gabriel Katopodis, a uno de sus referentes. De ese Ministerio depende el Enohsa, con rango de Secretar\u00eda.<\/p>\n<p>\u201cMuchas veces, desde la FAM (Federaci\u00f3n Argentina de Municipios) hice de nexo entre los intendentes bonaerenses del peronismo y Rogelio Frigerio como ministro del Interior con el que siempre tuve buena relaci\u00f3n\u201d, remarc\u00f3 Cresto para dar cuenta con ese grupo de dirigentes del peronismo. \u201cCuando se armaron las mesas de trabajo del Frente de Todos, ya ven\u00edamos charlando con Ver\u00f3nica Magario, con Katopodis, con Sergio Massa\u201d, repas\u00f3.<\/p>\n<p>Cresto tambi\u00e9n se vincul\u00f3 con los jefes del conurbano cuando tom\u00f3 la iniciativa nacida en Buenos Aires de reunir a pol\u00edticos para firmar el Pacto de San Antonio de Padua, diez puntos con los que la dirigencia de casi todos los partidos se encolumn\u00f3 con la enc\u00edclica Laudato Si del Papa Francisco. Fue Cresto el que promovi\u00f3 su r\u00fabrica entre los referentes de la pol\u00edtica entrerriana del pacto.<\/p>\n<p>Finalmente, a poco de asumir su segundo mandato en la Intendencia, fue convocado para el puesto en el ministerio de Katopodis. Y Cresto decidi\u00f3 dejar la jefatura en su ciudad aun cuando era uno de los nombres puestos para disputar en 2023 la Gobernaci\u00f3n.<\/p>\n<p>&nbsp;<\/p>\n<p><strong>\u00bfPor qu\u00e9 dej\u00f3 de ser intendente?<\/strong><\/p>\n<p>De todos modos, no le quita el ojo al territorio: \u201cEstamos, obviamente, focalizados en hacer un buen trabajo en Buenos Aires pero pol\u00edticamente con una visi\u00f3n de la provincia\u201d, resume su idea.<\/p>\n<p>\u201cPens\u00e9 que de alg\u00fan modo desde la Intendencia no iba a lograr lo que se necesita para Concordia. Este es un lugar que te hace sentar con los ministros, el acceso al gabinete nacional facilita mucho para Concordia\u201d, dijo.<\/p>\n<p>Apunt\u00f3, tambi\u00e9n, que su funci\u00f3n hace posibles gestiones para la provincia: \u201cMe he puesto desde un principio a disposici\u00f3n del Gobernador. Hay cuestiones que se me encomiendan y esto sirve mucho. Hay muchos proyectos para Concordia y uno de alg\u00fan modo se ha convertido en un embajador de la ciudad\u201d.<\/p>\n<p>Pero tambi\u00e9n \u201cesta gesti\u00f3n es valiosa para los intendentes, para los funcionarios provinciales, porque hay gestiones que superan lo que es la competencia de Enohsa\u201d y menciona en este sentido su v\u00ednculo con Daniel Koch, a cargo de la delegaci\u00f3n de Vialidad Nacional: \u201cTrabajamos junto al Ruso Koch que es una persona que gestiona, que no se queda y es un gran compa\u00f1ero de trabajo\u201d.<\/p>\n<p>\u201cTodo se conversa con (Luis, ministro de Planificaci\u00f3n) Benedetto, con (Daniel Richard, a cargo de la Unidad Ejecutora Provincial) Richard y con Bordet\u201d, se ocup\u00f3 en aclarar.<\/p>\n<p>&nbsp;<\/p>\n<p><strong>Concordia en cuarentena<\/strong><\/p>\n<p>El ex senador provincial cont\u00f3 que es parte del Comit\u00e9 de Emergencia en Concordia: \u201cEstamos colaborando. La situaci\u00f3n es muy compleja -describi\u00f3-. La gente se queda en la casa y no cobra. En Paran\u00e1, casi todas las familias tienen un ingreso del Estado, un salario. En Concordia, s\u00f3lo dos de cada diez familias tiene un trabajador del Estado, un polic\u00eda, un docente\u201d, compar\u00f3.<\/p>\n<p>\u201cLas otras ocho familias trabajando en el comercio, la industria, la actividad productiva. Y esta cuarentena nos toma con la actividad citr\u00edcola en plena zafra\u201d, inform\u00f3 el hermano de la diputada nacional Mayda Cesto.<\/p>\n<p>En marco puso de relieve la necesidad de fortalecer los protocolos porque la producci\u00f3n est\u00e1 exceptuada de cumplir con la cuarentena. \u201cEstos trabajadores est\u00e1n exceptuados pero hay que ver c\u00f3mo se los resguarda\u201d, plante\u00f3.<\/p>\n<p>Fuente: P\u00e1gina Pol\u00edtica.<\/p>\n","protected":false},"excerpt":{"rendered":"<p>El titular del ENOHSA dio sus fundamentos pol\u00edticos para dejar su puesto en el municipio. Habl\u00f3 de su proyecci\u00f3n, de su relaci\u00f3n pol\u00edtica e institucional con Bordet &nbsp; En esta cuarentena, Enrique Cresto pasa mitad del tiempo en Concordia, junto al Comit\u00e9 de Emergencia del municipio; mitad en Buenos Aires, en su despacho en el ENOHSA (Ente Nacional de Obras H\u00eddricas de Saneamiento). Pasado este fin de semana largo, tiene previsto firmar un protocolo con la Uocra fijando criterios para que se puedan continuar algunas obras con el cuidado que&#8230;<\/p>\n","protected":false},"author":3,"featured_media":59484,"comment_status":"closed","ping_status":"closed","sticky":false,"template":"","format":"standard","meta":[],"categories":[15],"tags":[],"_links":{"self":[{"href":"https:\/\/www.actualidadadiario.com\/index.php\/wp-json\/wp\/v2\/posts\/59483"}],"collection":[{"href":"https:\/\/www.actualidadadiario.com\/index.php\/wp-json\/wp\/v2\/posts"}],"about":[{"href":"https:\/\/www.actualidadadiario.com\/index.php\/wp-json\/wp\/v2\/types\/post"}],"author":[{"embeddable":true,"href":"https:\/\/www.actualidadadiario.com\/index.php\/wp-json\/wp\/v2\/users\/3"}],"replies":[{"embeddable":true,"href":"https:\/\/www.actualidadadiario.com\/index.php\/wp-json\/wp\/v2\/comments?post=59483"}],"version-history":[{"count":1,"href":"https:\/\/www.actualidadadiario.com\/index.php\/wp-json\/wp\/v2\/posts\/59483\/revisions"}],"predecessor-version":[{"id":59485,"href":"https:\/\/www.actualidadadiario.com\/index.php\/wp-json\/wp\/v2\/posts\/59483\/revisions\/59485"}],"wp:featuredmedia":[{"embeddable":true,"href":"https:\/\/www.actualidadadiario.com\/index.php\/wp-json\/wp\/v2\/media\/59484"}],"wp:attachment":[{"href":"https:\/\/www.actualidadadiario.com\/index.php\/wp-json\/wp\/v2\/media?parent=59483"}],"wp:term":[{"taxonomy":"category","embeddable":true,"href":"https:\/\/www.actualidadadiario.com\/index.php\/wp-json\/wp\/v2\/categories?post=59483"},{"taxonomy":"post_tag","embeddable":true,"href":"https:\/\/www.actualidadadiario.com\/index.php\/wp-json\/wp\/v2\/tags?post=59483"}],"curies":[{"name":"wp","href":"https:\/\/api.w.org\/{rel}","templated":true}]}}