{"id":59477,"date":"2020-03-26T12:21:16","date_gmt":"2020-03-26T15:21:16","guid":{"rendered":"https:\/\/www.actualidadadiario.com\/?p=59477"},"modified":"2020-03-26T12:21:16","modified_gmt":"2020-03-26T15:21:16","slug":"en-concordia-rigen-nuevos-horarios-para-comercios","status":"publish","type":"post","link":"https:\/\/www.actualidadadiario.com\/index.php\/2020\/03\/26\/en-concordia-rigen-nuevos-horarios-para-comercios\/","title":{"rendered":"En Concordia rigen nuevos horarios para comercios"},"content":{"rendered":"<p style=\"text-align: center;\"><em><strong>Los comercios de rubros generales incluidos en la exenci\u00f3n presidencial deben cerrar a las 16, el horario de los alimenticios se extiende hasta las 18 y los drugstores y comercios gastron\u00f3micos con delivery podr\u00e1n funcionar hasta las 22. Las\u00a0 farmacias y estaciones de servicio tiene horario liberado<\/strong><\/em><\/p>\n<p>&nbsp;<\/p>\n<p>&nbsp;<\/p>\n<p>La decisi\u00f3n se toma en una reuni\u00f3n que el intendente Alfredo Francolini mantuvo con representantes del Centro de Comercio Industria y Servicios, la Asociaci\u00f3n Hotelera Gastron\u00f3mica, la Asociaci\u00f3n de Trabajadores Independientes del Turismo, el Centro de Empleados de Comercio y la Uni\u00f3n de Trabajadores del Turismo Hoteles y Gastronom\u00eda, definimos horarios de atenci\u00f3n.<\/p>\n<p>&nbsp;<\/p>\n<p><strong>Los horarios son los siguientes:<\/strong><\/p>\n<p>Apertura: desde las 7 hs, seg\u00fan cada comercio<\/p>\n<p>Cierres: 16 hs: Comercios de rubros generales incluidos en la exenci\u00f3n presidencial<\/p>\n<p>18 hs: Comercios alimenticios<\/p>\n<p>22 hs: Drugstores y comercios gastron\u00f3micos con delivery<\/p>\n<p>Farmacias y estaciones de servicio: horario liberado.<\/p>\n","protected":false},"excerpt":{"rendered":"<p>Los comercios de rubros generales incluidos en la exenci\u00f3n presidencial deben cerrar a las 16, el horario de los alimenticios se extiende hasta las 18 y los drugstores y comercios gastron\u00f3micos con delivery podr\u00e1n funcionar hasta las 22. Las\u00a0 farmacias y estaciones de servicio tiene horario liberado &nbsp; &nbsp; La decisi\u00f3n se toma en una reuni\u00f3n que el intendente Alfredo Francolini mantuvo con representantes del Centro de Comercio Industria y Servicios, la Asociaci\u00f3n Hotelera Gastron\u00f3mica, la Asociaci\u00f3n de Trabajadores Independientes del Turismo, el Centro de Empleados de Comercio y la&#8230;<\/p>\n","protected":false},"author":3,"featured_media":59478,"comment_status":"closed","ping_status":"closed","sticky":false,"template":"","format":"standard","meta":[],"categories":[15],"tags":[],"_links":{"self":[{"href":"https:\/\/www.actualidadadiario.com\/index.php\/wp-json\/wp\/v2\/posts\/59477"}],"collection":[{"href":"https:\/\/www.actualidadadiario.com\/index.php\/wp-json\/wp\/v2\/posts"}],"about":[{"href":"https:\/\/www.actualidadadiario.com\/index.php\/wp-json\/wp\/v2\/types\/post"}],"author":[{"embeddable":true,"href":"https:\/\/www.actualidadadiario.com\/index.php\/wp-json\/wp\/v2\/users\/3"}],"replies":[{"embeddable":true,"href":"https:\/\/www.actualidadadiario.com\/index.php\/wp-json\/wp\/v2\/comments?post=59477"}],"version-history":[{"count":1,"href":"https:\/\/www.actualidadadiario.com\/index.php\/wp-json\/wp\/v2\/posts\/59477\/revisions"}],"predecessor-version":[{"id":59479,"href":"https:\/\/www.actualidadadiario.com\/index.php\/wp-json\/wp\/v2\/posts\/59477\/revisions\/59479"}],"wp:featuredmedia":[{"embeddable":true,"href":"https:\/\/www.actualidadadiario.com\/index.php\/wp-json\/wp\/v2\/media\/59478"}],"wp:attachment":[{"href":"https:\/\/www.actualidadadiario.com\/index.php\/wp-json\/wp\/v2\/media?parent=59477"}],"wp:term":[{"taxonomy":"category","embeddable":true,"href":"https:\/\/www.actualidadadiario.com\/index.php\/wp-json\/wp\/v2\/categories?post=59477"},{"taxonomy":"post_tag","embeddable":true,"href":"https:\/\/www.actualidadadiario.com\/index.php\/wp-json\/wp\/v2\/tags?post=59477"}],"curies":[{"name":"wp","href":"https:\/\/api.w.org\/{rel}","templated":true}]}}