{"id":59474,"date":"2020-03-26T12:20:32","date_gmt":"2020-03-26T15:20:32","guid":{"rendered":"https:\/\/www.actualidadadiario.com\/?p=59474"},"modified":"2020-03-26T12:20:32","modified_gmt":"2020-03-26T15:20:32","slug":"malbran-confirmo-tres-nuevos-casos-de-covid-en-entre-rios","status":"publish","type":"post","link":"https:\/\/www.actualidadadiario.com\/index.php\/2020\/03\/26\/malbran-confirmo-tres-nuevos-casos-de-covid-en-entre-rios\/","title":{"rendered":"Malbran confirm\u00f3 tres nuevos casos de COVID en Entre R\u00edos"},"content":{"rendered":"<p style=\"text-align: center;\"><em><strong>El Ministerio de Salud de Entre R\u00edos recibi\u00f3 la confirmaci\u00f3n de tres nuevos casos positivos de COVID-19 y que la cifra de infectados en la provincia suma siete<\/strong><\/em><\/p>\n<p>&nbsp;<\/p>\n<p>Uno de los caso, se trata de un ciudadano extranjero que lleg\u00f3 a Villaguay a visitar un familiar. Se encuentra internado en un sanatorio privado de esa ciudad y su estado es delicado.<\/p>\n<p>Otro caso es de Paran\u00e1, que fue atendido por el efector p\u00fablico, es una persona que viajo al exterior, su estado est\u00e1 en proceso evolutivo.<\/p>\n<p>El tercer caso, es un ciudadano de Gualeguay que no tiene relaci\u00f3n con el primer caso que hubo en la provincia. Esta persona llego de viaje con s\u00edntomas, por lo que fue atendido en la Ciudad Aut\u00f3noma de Buenos Aires, donde se encuentra internado. No lleg\u00f3 a Entre R\u00edos.<\/p>\n<p>De esta manera, en la provincia hay siete casos confirmados, 31 en estudio y 34 descartados.<\/p>\n","protected":false},"excerpt":{"rendered":"<p>El Ministerio de Salud de Entre R\u00edos recibi\u00f3 la confirmaci\u00f3n de tres nuevos casos positivos de COVID-19 y que la cifra de infectados en la provincia suma siete &nbsp; Uno de los caso, se trata de un ciudadano extranjero que lleg\u00f3 a Villaguay a visitar un familiar. Se encuentra internado en un sanatorio privado de esa ciudad y su estado es delicado. Otro caso es de Paran\u00e1, que fue atendido por el efector p\u00fablico, es una persona que viajo al exterior, su estado est\u00e1 en proceso evolutivo. El tercer caso,&#8230;<\/p>\n","protected":false},"author":3,"featured_media":59475,"comment_status":"closed","ping_status":"closed","sticky":false,"template":"","format":"standard","meta":[],"categories":[15],"tags":[],"_links":{"self":[{"href":"https:\/\/www.actualidadadiario.com\/index.php\/wp-json\/wp\/v2\/posts\/59474"}],"collection":[{"href":"https:\/\/www.actualidadadiario.com\/index.php\/wp-json\/wp\/v2\/posts"}],"about":[{"href":"https:\/\/www.actualidadadiario.com\/index.php\/wp-json\/wp\/v2\/types\/post"}],"author":[{"embeddable":true,"href":"https:\/\/www.actualidadadiario.com\/index.php\/wp-json\/wp\/v2\/users\/3"}],"replies":[{"embeddable":true,"href":"https:\/\/www.actualidadadiario.com\/index.php\/wp-json\/wp\/v2\/comments?post=59474"}],"version-history":[{"count":1,"href":"https:\/\/www.actualidadadiario.com\/index.php\/wp-json\/wp\/v2\/posts\/59474\/revisions"}],"predecessor-version":[{"id":59476,"href":"https:\/\/www.actualidadadiario.com\/index.php\/wp-json\/wp\/v2\/posts\/59474\/revisions\/59476"}],"wp:featuredmedia":[{"embeddable":true,"href":"https:\/\/www.actualidadadiario.com\/index.php\/wp-json\/wp\/v2\/media\/59475"}],"wp:attachment":[{"href":"https:\/\/www.actualidadadiario.com\/index.php\/wp-json\/wp\/v2\/media?parent=59474"}],"wp:term":[{"taxonomy":"category","embeddable":true,"href":"https:\/\/www.actualidadadiario.com\/index.php\/wp-json\/wp\/v2\/categories?post=59474"},{"taxonomy":"post_tag","embeddable":true,"href":"https:\/\/www.actualidadadiario.com\/index.php\/wp-json\/wp\/v2\/tags?post=59474"}],"curies":[{"name":"wp","href":"https:\/\/api.w.org\/{rel}","templated":true}]}}