{"id":59471,"date":"2020-03-26T12:19:49","date_gmt":"2020-03-26T15:19:49","guid":{"rendered":"https:\/\/www.actualidadadiario.com\/?p=59471"},"modified":"2020-03-26T12:19:49","modified_gmt":"2020-03-26T15:19:49","slug":"refuerzan-controles-en-los-ingresos-a-la-provincia","status":"publish","type":"post","link":"https:\/\/www.actualidadadiario.com\/index.php\/2020\/03\/26\/refuerzan-controles-en-los-ingresos-a-la-provincia\/","title":{"rendered":"Refuerzan controles en los ingresos a la provincia"},"content":{"rendered":"<p style=\"text-align: center;\"><em><strong>Desde la Polic\u00eda de Entre R\u00edos se reiter\u00f3 que se contin\u00faa trabajando en la aplicaci\u00f3n del decreto nacional que establece la cuarentena y se inform\u00f3 que se decidi\u00f3 reforzar el control en los pasos fronterizos de ingreso a la provincia<\/strong><\/em><\/p>\n<p>&nbsp;<\/p>\n<p>&nbsp;<\/p>\n<p>En tanto, el titular de Epidemiolog\u00eda actualiz\u00f3 la situaci\u00f3n con respecto al Covid 19.<\/p>\n<p>En una nueva conferencia en vivo realizada desde la Sala de Prensa de la Casa Gris, tal como se hace diariamente, autoridades del gobierno provincial actualizaron informaci\u00f3n respecto al coronavirus.<\/p>\n<p>En ese sentido, el subdirector de Operaciones de la Polic\u00eda de Entre R\u00edos, Marcos Antoni\u00fa, inform\u00f3 sobre las acciones preventivas que realiza la fuerza en el marco del aislamiento social preventivo y obligatorio en todo el \u00e1mbito provincial y anunci\u00f3 que se tom\u00f3 la decisi\u00f3n de reforzar el control en los pasos fronterizos provinciales.<\/p>\n<p>&#8220;Se sigue con los controles fijos y m\u00f3viles, sobre todo para concientizar a la gente de cu\u00e1l es el esp\u00edritu de este decreto&#8221;, dijo el funcionario policial, y agreg\u00f3: \u201cNo obstante eso, y viendo los d\u00edas que han pasado, y el abuso de la gente en cuanto a las excusas que brinda en los diferentes controles, a partir de este mi\u00e9rcoles se comenzar\u00e1 en los puntos de ingreso a la provincia, en Z\u00e1rate-Brazo Largo; Victoria-Rosario; Santa Fe- Paran\u00e1 por el T\u00fanel; Paso Cerrito en Federaci\u00f3n ; y Paso Tel\u00e9grafo en La Paz, a exigir a quienes ingresan la correspondiente declaraci\u00f3n jurada que acredite realmente el motivo y justifique el ingreso a la provincia&#8221;.<\/p>\n<p>Dijo que tendr\u00e1n en cuenta las excepciones establecidas en el art\u00edculo sexto del decreto nacional 297\/20 pero asegur\u00f3 que \u201cquienes nos justifiquen fehacientemente el motivo del ingreso a la provincia no podr\u00e1n hacerlo y se proceder\u00e1, paulatinamente, con el secuestro preventivo de las unidades para dar aplicaci\u00f3n efectiva de lo que es el decreto&#8221;, afirm\u00f3 Antoni\u00fa.<\/p>\n<p>&nbsp;<\/p>\n<p><strong>Controles en las rutas<\/strong><\/p>\n<p>En tanto, el subjefe de la Polic\u00eda de Entre R\u00edos, Jos\u00e9 Lauman se refiri\u00f3 a los controles en las rutas y se\u00f1al\u00f3 que teniendo en cuenta lo que establece el decreto en cuanto al transporte de carga de mercader\u00eda se aplica en los puestos camineros, \u201cm\u00e1s que nada en el tr\u00e1fico en nuestras rutas provinciales y nacionales en lo que est\u00e1 autorizado a circular; esto es los productos que est\u00e1n relacionados con el abastecimiento, no solamente en tr\u00e1nsito, sino tambi\u00e9n en los puntos de producci\u00f3n. Se contempla desde que se inicia la producci\u00f3n, hasta que llega a los puntos de distribuci\u00f3n y luego a los puntos de venta&#8221;.<\/p>\n<p>Por otro lado, el funcionario policial dijo que &#8220;las medidas que se vienen aplicando son las que se han dado a conocer y que la ciudadan\u00eda sabe; ac\u00e1 hay una cuesti\u00f3n b\u00e1sica y esencial en cuanto al traspaso del virus en forma comunitaria, que es lo que m\u00e1s preocupa, que es la concientizaci\u00f3n de la gente y la aplicaci\u00f3n de las medidas. En la medida en que logremos con la mayor eficiencia posible el aislamiento, esto se va a poder combatir&#8221;.<\/p>\n<p>&#8220;En t\u00e9rminos concretos las medidas realizadas, lo que ha perseguido el decreto 297, los controles, el trabajo de Salud no va a tener efectividad pr\u00e1ctica si no est\u00e1 el eslab\u00f3n que falta, que es el acompa\u00f1amiento de la gente y realmente tomar conciencia cierta de que esto es, no para evitar que el virus no llegue, sino que la propagaci\u00f3n y para evitar que la transmisi\u00f3n sea mucho m\u00e1s r\u00e1pida. Por eso, adem\u00e1s de los controles que se vienen haciendo, a lo que se apela es a la concientizaci\u00f3n, que todo el mundo se quede en la casa&#8221;.<\/p>\n","protected":false},"excerpt":{"rendered":"<p>Desde la Polic\u00eda de Entre R\u00edos se reiter\u00f3 que se contin\u00faa trabajando en la aplicaci\u00f3n del decreto nacional que establece la cuarentena y se inform\u00f3 que se decidi\u00f3 reforzar el control en los pasos fronterizos de ingreso a la provincia &nbsp; &nbsp; En tanto, el titular de Epidemiolog\u00eda actualiz\u00f3 la situaci\u00f3n con respecto al Covid 19. En una nueva conferencia en vivo realizada desde la Sala de Prensa de la Casa Gris, tal como se hace diariamente, autoridades del gobierno provincial actualizaron informaci\u00f3n respecto al coronavirus. En ese sentido, el&#8230;<\/p>\n","protected":false},"author":3,"featured_media":59472,"comment_status":"closed","ping_status":"closed","sticky":false,"template":"","format":"standard","meta":[],"categories":[15],"tags":[],"_links":{"self":[{"href":"https:\/\/www.actualidadadiario.com\/index.php\/wp-json\/wp\/v2\/posts\/59471"}],"collection":[{"href":"https:\/\/www.actualidadadiario.com\/index.php\/wp-json\/wp\/v2\/posts"}],"about":[{"href":"https:\/\/www.actualidadadiario.com\/index.php\/wp-json\/wp\/v2\/types\/post"}],"author":[{"embeddable":true,"href":"https:\/\/www.actualidadadiario.com\/index.php\/wp-json\/wp\/v2\/users\/3"}],"replies":[{"embeddable":true,"href":"https:\/\/www.actualidadadiario.com\/index.php\/wp-json\/wp\/v2\/comments?post=59471"}],"version-history":[{"count":1,"href":"https:\/\/www.actualidadadiario.com\/index.php\/wp-json\/wp\/v2\/posts\/59471\/revisions"}],"predecessor-version":[{"id":59473,"href":"https:\/\/www.actualidadadiario.com\/index.php\/wp-json\/wp\/v2\/posts\/59471\/revisions\/59473"}],"wp:featuredmedia":[{"embeddable":true,"href":"https:\/\/www.actualidadadiario.com\/index.php\/wp-json\/wp\/v2\/media\/59472"}],"wp:attachment":[{"href":"https:\/\/www.actualidadadiario.com\/index.php\/wp-json\/wp\/v2\/media?parent=59471"}],"wp:term":[{"taxonomy":"category","embeddable":true,"href":"https:\/\/www.actualidadadiario.com\/index.php\/wp-json\/wp\/v2\/categories?post=59471"},{"taxonomy":"post_tag","embeddable":true,"href":"https:\/\/www.actualidadadiario.com\/index.php\/wp-json\/wp\/v2\/tags?post=59471"}],"curies":[{"name":"wp","href":"https:\/\/api.w.org\/{rel}","templated":true}]}}