{"id":59468,"date":"2020-03-26T12:18:31","date_gmt":"2020-03-26T15:18:31","guid":{"rendered":"https:\/\/www.actualidadadiario.com\/?p=59468"},"modified":"2020-03-26T12:18:31","modified_gmt":"2020-03-26T15:18:31","slug":"aseguran-que-es-una-posibilidad-la-extension-de-ciclo-lectivo-en-entre-rios","status":"publish","type":"post","link":"https:\/\/www.actualidadadiario.com\/index.php\/2020\/03\/26\/aseguran-que-es-una-posibilidad-la-extension-de-ciclo-lectivo-en-entre-rios\/","title":{"rendered":"Aseguran que &#8220;es una posibilidad&#8221; la extensi\u00f3n de ciclo lectivo en Entre R\u00edos"},"content":{"rendered":"<p style=\"text-align: center;\"><em><strong>Al igual que el Ministerio de Educaci\u00f3n de la Naci\u00f3n, desde el CGE adelantaron que &#8220;de ser preciso&#8221; se tomar\u00e1 la decisi\u00f3n de extender el ciclo lectivo 2020 como consecuencia del aislamiento social preventivo para mitigar el avance del coronavirus y que oblig\u00f3, entre otras cosas, a suspender las clases<\/strong><\/em><\/p>\n<p>&nbsp;<\/p>\n<p>&nbsp;<\/p>\n<p>Desde el ministerio de Educaci\u00f3n de la Naci\u00f3n ya se anunci\u00f3 que se analiza la posibilidad de extender el ciclo lectivo 2020 producto de las medidas de aislamiento dispuestas por el Gobierno para mitigar el avance del coronavirus.<\/p>\n<p>Al respecto, el titular del Consejo General de Educaci\u00f3n, Mart\u00edn M\u00fcller, coment\u00f3 que &#8220;no est\u00e1 en evoluci\u00f3n en este momento&#8221;. Pero adelant\u00f3 que &#8220;es una posibilidad cierta en caso que la cuarentena se extienda&#8221;: &#8220;Si es preciso, ser\u00e1 una decisi\u00f3n a tomar por el CGE&#8221;, anunci\u00f3 M\u00fcller.<\/p>\n<p>Durante la comunicaci\u00f3n del informe sobre el estado de situaci\u00f3n provincial en relaci\u00f3n al Coronavirus, el funcionario resalt\u00f3 &#8220;el trabajo voluntario de docentes de centros laborales, de centros de formaci\u00f3n profesional, escuelas t\u00e9cnicas, los que desarrollaron cofias, barbijos y mamelucos para donar a hospitales, comedores escolares, polic\u00edas y dem\u00e1s agentes que deben brindar servicios esenciales&#8221;. Destac\u00f3 tambi\u00e9n la tarea de escuelas t\u00e9cnicas con impresoras 3D que confeccionan viseras con elementos reciclados.<\/p>\n<p>Por otra parte, M\u00fcller adelant\u00f3 que &#8220;desde el CGE se contin\u00faa con la propuesta educativa `Contenidos en casa\u00b4 previendo actividades para las pr\u00f3ximas semanas, y el acceso gratuito sin consumo de datos a trav\u00e9s de las redes m\u00f3viles para acceder al portal Aprender donde se cargan los contenidos&#8221;.<\/p>\n<p>&#8220;Tambi\u00e9n se activ\u00f3 un aula virtual donde los supervisores har\u00e1n un seguimiento sobre las actividades en las escuelas, adem\u00e1s de cursos online para los docentes sobre programaci\u00f3n, rob\u00f3tica y dem\u00e1s contenidos&#8221;, anunci\u00f3.<\/p>\n<p>El funcionario provincial comunic\u00f3 que &#8220;la semana pr\u00f3xima saldr\u00e1 un nuevo documento orientativo para las escuelas en relaci\u00f3n a c\u00f3mo llevar adelante la evaluaci\u00f3n de los contenidos propuestos, lo cual le da m\u00e1s autonom\u00eda a las escuelas, porque el CGE no baj\u00f3 un contenido unificado para todas como lo hicieron en otras provincias&#8221;. &#8220;Ser\u00e1 un marco general para la evaluaci\u00f3n, del que se apropiar\u00e1n las instituciones durante el mes de abril&#8221;, estim\u00f3.<\/p>\n<p>M\u00fcller inform\u00f3 adem\u00e1s que se contin\u00faa la entrega de viandas desde comedores escolares, e indic\u00f3 que la semana pasada se acreditaron los montos de las partidas extraordinarias para la limpieza e higiene de las escuelas.<\/p>\n","protected":false},"excerpt":{"rendered":"<p>Al igual que el Ministerio de Educaci\u00f3n de la Naci\u00f3n, desde el CGE adelantaron que &#8220;de ser preciso&#8221; se tomar\u00e1 la decisi\u00f3n de extender el ciclo lectivo 2020 como consecuencia del aislamiento social preventivo para mitigar el avance del coronavirus y que oblig\u00f3, entre otras cosas, a suspender las clases &nbsp; &nbsp; Desde el ministerio de Educaci\u00f3n de la Naci\u00f3n ya se anunci\u00f3 que se analiza la posibilidad de extender el ciclo lectivo 2020 producto de las medidas de aislamiento dispuestas por el Gobierno para mitigar el avance del coronavirus&#8230;.<\/p>\n","protected":false},"author":3,"featured_media":56553,"comment_status":"closed","ping_status":"closed","sticky":false,"template":"","format":"standard","meta":[],"categories":[15],"tags":[],"_links":{"self":[{"href":"https:\/\/www.actualidadadiario.com\/index.php\/wp-json\/wp\/v2\/posts\/59468"}],"collection":[{"href":"https:\/\/www.actualidadadiario.com\/index.php\/wp-json\/wp\/v2\/posts"}],"about":[{"href":"https:\/\/www.actualidadadiario.com\/index.php\/wp-json\/wp\/v2\/types\/post"}],"author":[{"embeddable":true,"href":"https:\/\/www.actualidadadiario.com\/index.php\/wp-json\/wp\/v2\/users\/3"}],"replies":[{"embeddable":true,"href":"https:\/\/www.actualidadadiario.com\/index.php\/wp-json\/wp\/v2\/comments?post=59468"}],"version-history":[{"count":2,"href":"https:\/\/www.actualidadadiario.com\/index.php\/wp-json\/wp\/v2\/posts\/59468\/revisions"}],"predecessor-version":[{"id":59470,"href":"https:\/\/www.actualidadadiario.com\/index.php\/wp-json\/wp\/v2\/posts\/59468\/revisions\/59470"}],"wp:featuredmedia":[{"embeddable":true,"href":"https:\/\/www.actualidadadiario.com\/index.php\/wp-json\/wp\/v2\/media\/56553"}],"wp:attachment":[{"href":"https:\/\/www.actualidadadiario.com\/index.php\/wp-json\/wp\/v2\/media?parent=59468"}],"wp:term":[{"taxonomy":"category","embeddable":true,"href":"https:\/\/www.actualidadadiario.com\/index.php\/wp-json\/wp\/v2\/categories?post=59468"},{"taxonomy":"post_tag","embeddable":true,"href":"https:\/\/www.actualidadadiario.com\/index.php\/wp-json\/wp\/v2\/tags?post=59468"}],"curies":[{"name":"wp","href":"https:\/\/api.w.org\/{rel}","templated":true}]}}