{"id":59466,"date":"2020-03-26T12:17:36","date_gmt":"2020-03-26T15:17:36","guid":{"rendered":"https:\/\/www.actualidadadiario.com\/?p=59466"},"modified":"2020-03-26T12:17:36","modified_gmt":"2020-03-26T15:17:36","slug":"la-provincia-se-prepara-para-la-campana-de-vacunacion-antigripal","status":"publish","type":"post","link":"https:\/\/www.actualidadadiario.com\/index.php\/2020\/03\/26\/la-provincia-se-prepara-para-la-campana-de-vacunacion-antigripal\/","title":{"rendered":"La provincia se prepara para la campa\u00f1a de vacunaci\u00f3n antigripal"},"content":{"rendered":"<p style=\"text-align: center;\"><em><strong>Entre R\u00edos se prepara para la campa\u00f1a de vacunaci\u00f3n antigripal, en funci\u00f3n de poder lograr las metas de cobertura \u00f3ptimas y respetar los lineamientos preventivos, frente al contexto actual de pandemia de coronavirus. Inicialmente se vacunar\u00e1 al personal de salud<\/strong><\/em><\/p>\n<p>&nbsp;<\/p>\n<p>&nbsp;<\/p>\n<p>Atendiendo a este a\u00f1o se deber\u00e1 llevar adelante una campa\u00f1a de vacunaci\u00f3n antigripal bajo condiciones particulares, la provincia se viene dando una planificaci\u00f3n para responder al doble desaf\u00edo de lograr llegar con la vacuna a toda la poblaci\u00f3n objetivo y, en el proceso, evitar que la gente se aglomere en los vacunatorios o servicios de salud. En este marco, los equipos t\u00e9cnicos de Salud se reunieron con el jefe del Departamento Programas de Salud del Instituto Nacional de Enfermedades Respiratorias (INER) \u201cDr. Emilio Coni\u201d, Juan Carlos Bossio, referente en la materia, para arribar a estrategias que permitan alcanzar las metas de coberturas.<\/p>\n<p>La ministra de Salud, Sonia Vel\u00e1zquez, manifest\u00f3: \u201cEn la provincia estamos diagramando el Plan de Vacunaci\u00f3n, para ello la Direcci\u00f3n de Epidemiolog\u00eda, a trav\u00e9s del Programa Ampliado de Inmunizaciones (PAI), junto a la direcci\u00f3n General del Primer Nivel de Atenci\u00f3n y en coordinaci\u00f3n con las otras \u00e1reas del Ministerio, se encomend\u00f3 a la red de atenci\u00f3n primaria que organizara un Plan estrat\u00e9gico en sus centros de salud\u201d. Vel\u00e1zquez precis\u00f3 que esta planificaci\u00f3n es desarrollada por cada establecimiento \u201cacorde a su \u00e1rea program\u00e1tica, con la informaci\u00f3n geolocalizada y nominalizada de su comunidad, identificando primero su poblaci\u00f3n de adultos mayores, embarazadas e individuos con factores de riesgo para desarrollar b\u00fasquedas activas domiciliarias y atenci\u00f3n programada, en virtud de evitar el desplazamiento de las personas\u201d.<\/p>\n<p>Cabe recordar que d\u00edas atr\u00e1s el Ministerio de Salud de la Naci\u00f3n inform\u00f3 que tom\u00f3 la medida de adelantar la entrega de dosis antigripales a fin de dar respuesta a una vacunaci\u00f3n oportuna a todas las personas que integran los grupos de riesgo. Al respecto la Secretaria de Acceso a la Salud de la cartera nacional, Carla Vizzotti, indic\u00f3 que en esta oportunidad la campa\u00f1a &#8220;estar\u00e1 planificada por las jurisdicciones de una manera particular en este contexto de restricci\u00f3n de la circulaci\u00f3n y de replanificaci\u00f3n y reorganizaci\u00f3n de los servicios de salud que incluye a los vacunatorios&#8221;.<\/p>\n<p>En este marco, desde el PAI se inform\u00f3 que Entre R\u00edos ya recibi\u00f3 la primera remesa de dosis, que est\u00e1 siendo distribuida en estos d\u00edas. Actualmente los servicios de salud presentes en todo el territorio provincial est\u00e1n trabajando en la organizaci\u00f3n que permita llegar con la vacuna a la poblaci\u00f3n objetivo, sin desatender el Aislamiento Social Preventivo y Obligatorio, ni las medidas de cuidado tendientes a controlar la circulaci\u00f3n del coronavirus. Es en este marco que la aplicaci\u00f3n de la vacuna se har\u00e1 secuencialmente, por etapas, y ya se ha comenzado a inmunizar al personal de salud (dado que mantiene contacto estrecho con pacientes) y luego se avanzar\u00e1 sobre los grupos de riesgo priorizados, de acuerdo a la planificaci\u00f3n.<\/p>\n<p>&nbsp;<\/p>\n<p><strong>Previsi\u00f3n y organizaci\u00f3n de los servicios<\/strong><\/p>\n<p>En la etapa actual de contenci\u00f3n del nuevo coronavirus resulta esencial el trabajo de los centros de salud y hospitales en relaci\u00f3n a la poblaci\u00f3n de adultos mayores y personas con enfermedades cr\u00f3nicas no trasmisibles. Por eso, ante la necesidad de establecer estrategias priorizadas para el trabajo con la poblaci\u00f3n con factores de riesgo, ya que junto con los adultos mayores constituyen el grupo con m\u00e1s predisposici\u00f3n al contagio de coranavirus, el Ministerio de Salud estableci\u00f3 como l\u00ednea de acci\u00f3n la Nominalizaci\u00f3n de Personas con Factores de Riesgo: esto es la identificaci\u00f3n de la poblaci\u00f3n que presenta afecciones como diabetes, hipertensi\u00f3n, riesgo cardiovascular, obesidad, EPOC y asma, entre otros.<\/p>\n<p>De este modo, al contar con esta informaci\u00f3n los equipos de salud pueden dise\u00f1ar estrategias para garantizar la vacunaci\u00f3n de estos grupos de riesgo: b\u00fasquedas activas y comunicaci\u00f3n, vacunaci\u00f3n en domicilio, vacunatorios con horarios diferenciados y turnos programados; y tambi\u00e9n les permite planificar la provisi\u00f3n de medicamentos para tratamientos cr\u00f3nicos de tal manera de reducir la movilidad de las personas y as\u00ed evitar que deban concurrir al centro de salud.<\/p>\n<p>El jefe del departamento inmunizaciones, Claudio Niz, explic\u00f3: \u201cCada establecimiento de salud o vacunatorio debe implementar medidas con respecto a la seguridad de las personas; y se contemplar\u00e1n distintas estrategias, que definir\u00e1 cada director de acuerdo a las caracter\u00edsticas de la poblaci\u00f3n a cargo y las posibilidades de su efector\u201d.<\/p>\n<p>&nbsp;<\/p>\n<p><strong>Programaci\u00f3n de la campa\u00f1a en etapas<\/strong><\/p>\n<p>Atendiendo a la situaci\u00f3n actual, se prev\u00e9 llevar a cabo la aplicaci\u00f3n de manera escalonada, progresiva y ordenada.<\/p>\n<p>&#8211; Como primera instancia, ya se comenz\u00f3 a vacunar al personal de salud que est\u00e1 en contacto estrecho con pacientes (tales como m\u00e9dicos, enfermeros, radi\u00f3logos y dem\u00e1s integrantes de los equipos sanitarios), bajo la premisa de proteger a los trabajadores que pueden estar expuestos al virus de Influenza durante la atenci\u00f3n, para que al momento de lanzar la campa\u00f1a, todos los equipos de salud ya est\u00e9n inmunizados.<\/p>\n<p>&#8211; Posteriormente se vacunar\u00e1 a todos los mayores de 65 a\u00f1os; y a todas las personas entre los 2 y 64 a\u00f1os que tengan factores de riesgo, ya que se trata de la poblaci\u00f3n m\u00e1s vulnerable frente al Covid-19. En esta etapa se iniciar\u00e1 aplicando la vacuna a aquellos adultos mayores que ya est\u00e9n institucionalizados (en geri\u00e1tricos o establecimientos de salud) y luego se realizar\u00e1n las tareas de b\u00fasqueda activa.<\/p>\n<p>Cabe aclarar que no existe evidencia que demuestre que la vacuna antigripal genere protecci\u00f3n contra el coronavirus, sino que se proceder\u00e1 de acuerdo a esta planificaci\u00f3n para evitar que esta poblaci\u00f3n tome contacto con otras personas y que la Influenza no genere cargas de morbimortalidad en estos grupos.<\/p>\n<p>&#8211; Finalmente, la tercera etapa de la campa\u00f1a comprende la inmunizaci\u00f3n de ni\u00f1os de 6 meses a 24 meses de edad; embarazadas y pu\u00e9rperas.<\/p>\n<p>&nbsp;<\/p>\n<p><strong>Qui\u00e9nes deben recibir la vacuna<\/strong><\/p>\n<p>Los grupos de riesgo son los ni\u00f1os entre 6 y 24 meses; las embarazadas y pu\u00e9rperas; personal de Salud; personal esencial (tomadores de decisi\u00f3n del Gobierno, Polic\u00eda, Gendarmer\u00eda, Bomberos y Fuerzas Armadas); personas entre 2 y 64 a\u00f1os con factores de riesgo como enfermedades cr\u00f3nicas (enfermedades respiratorias como asma, fibrosis pulmonar, broncoespasmo, entre otras); cardiopat\u00edas (valvuloplast\u00edas, insuficiencia card\u00edaca, hipertensi\u00f3n arterial, miocardiopat\u00edas); pacientes oncol\u00f3gicos; obesos; diab\u00e9ticos; y personas mayores de 65 a\u00f1os. Este \u00faltimo grupo debe recibir la vacuna, independientemente de que cuente o no con cobertura social.<\/p>\n<p>Asimismo, Niz record\u00f3 que todas las personas que asistan a inmunizarse \u201cdeben acudir con el carnet de vacunaci\u00f3n y DNI, a efectos de poder controlar las vacunas aplicadas y el cumplimiento del esquema\u201d.<\/p>\n","protected":false},"excerpt":{"rendered":"<p>Entre R\u00edos se prepara para la campa\u00f1a de vacunaci\u00f3n antigripal, en funci\u00f3n de poder lograr las metas de cobertura \u00f3ptimas y respetar los lineamientos preventivos, frente al contexto actual de pandemia de coronavirus. Inicialmente se vacunar\u00e1 al personal de salud &nbsp; &nbsp; Atendiendo a este a\u00f1o se deber\u00e1 llevar adelante una campa\u00f1a de vacunaci\u00f3n antigripal bajo condiciones particulares, la provincia se viene dando una planificaci\u00f3n para responder al doble desaf\u00edo de lograr llegar con la vacuna a toda la poblaci\u00f3n objetivo y, en el proceso, evitar que la gente se&#8230;<\/p>\n","protected":false},"author":3,"featured_media":59427,"comment_status":"closed","ping_status":"closed","sticky":false,"template":"","format":"standard","meta":[],"categories":[9],"tags":[],"_links":{"self":[{"href":"https:\/\/www.actualidadadiario.com\/index.php\/wp-json\/wp\/v2\/posts\/59466"}],"collection":[{"href":"https:\/\/www.actualidadadiario.com\/index.php\/wp-json\/wp\/v2\/posts"}],"about":[{"href":"https:\/\/www.actualidadadiario.com\/index.php\/wp-json\/wp\/v2\/types\/post"}],"author":[{"embeddable":true,"href":"https:\/\/www.actualidadadiario.com\/index.php\/wp-json\/wp\/v2\/users\/3"}],"replies":[{"embeddable":true,"href":"https:\/\/www.actualidadadiario.com\/index.php\/wp-json\/wp\/v2\/comments?post=59466"}],"version-history":[{"count":1,"href":"https:\/\/www.actualidadadiario.com\/index.php\/wp-json\/wp\/v2\/posts\/59466\/revisions"}],"predecessor-version":[{"id":59467,"href":"https:\/\/www.actualidadadiario.com\/index.php\/wp-json\/wp\/v2\/posts\/59466\/revisions\/59467"}],"wp:featuredmedia":[{"embeddable":true,"href":"https:\/\/www.actualidadadiario.com\/index.php\/wp-json\/wp\/v2\/media\/59427"}],"wp:attachment":[{"href":"https:\/\/www.actualidadadiario.com\/index.php\/wp-json\/wp\/v2\/media?parent=59466"}],"wp:term":[{"taxonomy":"category","embeddable":true,"href":"https:\/\/www.actualidadadiario.com\/index.php\/wp-json\/wp\/v2\/categories?post=59466"},{"taxonomy":"post_tag","embeddable":true,"href":"https:\/\/www.actualidadadiario.com\/index.php\/wp-json\/wp\/v2\/tags?post=59466"}],"curies":[{"name":"wp","href":"https:\/\/api.w.org\/{rel}","templated":true}]}}