{"id":59459,"date":"2020-03-25T13:55:59","date_gmt":"2020-03-25T16:55:59","guid":{"rendered":"https:\/\/www.actualidadadiario.com\/?p=59459"},"modified":"2020-03-25T13:55:59","modified_gmt":"2020-03-25T16:55:59","slug":"el-80-de-los-infectados-con-coronavirus-en-el-pais-tiene-entre-15-y-59-anos","status":"publish","type":"post","link":"https:\/\/www.actualidadadiario.com\/index.php\/2020\/03\/25\/el-80-de-los-infectados-con-coronavirus-en-el-pais-tiene-entre-15-y-59-anos\/","title":{"rendered":"El 80% de los infectados con coronavirus en el pa\u00eds tiene entre 15 y 59 a\u00f1os"},"content":{"rendered":"<p style=\"text-align: center;\"><em><strong>As\u00ed lo inform\u00f3 la secretar\u00eda de Acceso a la Salud al dar el reporte diario del avance del coronavirus, al tiempo que destac\u00f3 que &#8220;no hay sobrecarga del sistema de Salud&#8221; y que el universo poblacional m\u00e1s infectado es el de &#8220;los m\u00e1s j\u00f3venes, los m\u00e1s activos&#8221;<\/strong><\/em><\/p>\n<p>&nbsp;<\/p>\n<p>&nbsp;<\/p>\n<p>La secretaria de Acceso a la Salud, Carla Vizzotti, afirm\u00f3 hoy que &#8220;no se est\u00e1 evidenciando en este momento&#8221; una &#8220;sobrecarga del sistema de Salud&#8221; y alert\u00f3 que &#8220;los que m\u00e1s se infectan son los m\u00e1s j\u00f3venes, los activos&#8221; dado que en el pa\u00eds el 80%de los casos corresponden a personas de entre 15 y 59 a\u00f1os.<\/p>\n<p>La funcionaria se\u00f1al\u00f3 que los m\u00e1s j\u00f3venes pueden ser &#8220;asintom\u00e1ticos&#8221; vectores de la infecci\u00f3n hacia los grupos de riesgo, por lo que insisti\u00f3 en que &#8220;extremen las medidas de distanciamiento social&#8221;.<\/p>\n<p>Al encabezar el informe diario elaborado por el Ministerio de Salud, la funcionaria dijo que &#8220;no se est\u00e1 evidenciando en este momento&#8221; una &#8220;sobrecarga del sistema de salud&#8221; que es el principal indicador de la transmisi\u00f3n comunitaria de la enfermedad.<\/p>\n<p>Aunque Argentina ya anunci\u00f3 que existe un caso de infecci\u00f3n que no est\u00e1 relacionado con viajes a zonas pand\u00e9micas o de contacto estrecho con aquellos que visitaron esas zonas, &#8220;en el d\u00eda de ayer se ha definido el inicio de transmisi\u00f3n comunitaria en lo que es AMBA (\u00c1rea Metropolitana de Buenos Aires)&#8221;.<\/p>\n<p>Por otro lado, en el reporte diario matutino del ministerio de Salud se inform\u00f3 que en la Argentina el 59,1% de los casos corresponde a masculinos y el 40,9%, a mujeres.<\/p>\n<p>La &#8220;mediana de edad es 44 a\u00f1os&#8221;, agreg\u00f3 Vizzotti.<\/p>\n<p>El reporte indica, respecto de las franjas etarias afectadas, que el 2% de los casos registrados corresponde a menores de 14 a\u00f1os, el 80% a casos de entre 15 y 59 a\u00f1os; el 18% a casos de mayores de 60.<\/p>\n<p>En total se han constatado 1.453 casos negativos por laboratorio y 1.735 casos descartados por investigaci\u00f3n epidemiol\u00f3gica y a la fecha fueron dados de alta 63 casos, indica el informe distribuido esta ma\u00f1ana.<\/p>\n<p>Vizzotti se\u00f1al\u00f3 que 55 casos positivos est\u00e1n siendo revisados por las autoridades para determinar cu\u00e1l es el origen de la infecci\u00f3n.<\/p>\n<p>&#8220;Cuando nos preguntamos por qu\u00e9 (todos deben cumplir con el aislamiento), es porque los que m\u00e1s se infectan son los m\u00e1s j\u00f3venes, son los que circulan m\u00e1s y son los que pueden transmitir la infecci\u00f3n a los que tienen m\u00e1s riesgo. Un contacto con alguien joven con una infecci\u00f3n leve, puede ser determinante para infectarse y tener una complicaci\u00f3n&#8221; en un mayor, a\u00f1adi\u00f3.<\/p>\n","protected":false},"excerpt":{"rendered":"<p>As\u00ed lo inform\u00f3 la secretar\u00eda de Acceso a la Salud al dar el reporte diario del avance del coronavirus, al tiempo que destac\u00f3 que &#8220;no hay sobrecarga del sistema de Salud&#8221; y que el universo poblacional m\u00e1s infectado es el de &#8220;los m\u00e1s j\u00f3venes, los m\u00e1s activos&#8221; &nbsp; &nbsp; La secretaria de Acceso a la Salud, Carla Vizzotti, afirm\u00f3 hoy que &#8220;no se est\u00e1 evidenciando en este momento&#8221; una &#8220;sobrecarga del sistema de Salud&#8221; y alert\u00f3 que &#8220;los que m\u00e1s se infectan son los m\u00e1s j\u00f3venes, los activos&#8221; dado que&#8230;<\/p>\n","protected":false},"author":3,"featured_media":59460,"comment_status":"closed","ping_status":"closed","sticky":false,"template":"","format":"standard","meta":[],"categories":[4],"tags":[],"_links":{"self":[{"href":"https:\/\/www.actualidadadiario.com\/index.php\/wp-json\/wp\/v2\/posts\/59459"}],"collection":[{"href":"https:\/\/www.actualidadadiario.com\/index.php\/wp-json\/wp\/v2\/posts"}],"about":[{"href":"https:\/\/www.actualidadadiario.com\/index.php\/wp-json\/wp\/v2\/types\/post"}],"author":[{"embeddable":true,"href":"https:\/\/www.actualidadadiario.com\/index.php\/wp-json\/wp\/v2\/users\/3"}],"replies":[{"embeddable":true,"href":"https:\/\/www.actualidadadiario.com\/index.php\/wp-json\/wp\/v2\/comments?post=59459"}],"version-history":[{"count":1,"href":"https:\/\/www.actualidadadiario.com\/index.php\/wp-json\/wp\/v2\/posts\/59459\/revisions"}],"predecessor-version":[{"id":59461,"href":"https:\/\/www.actualidadadiario.com\/index.php\/wp-json\/wp\/v2\/posts\/59459\/revisions\/59461"}],"wp:featuredmedia":[{"embeddable":true,"href":"https:\/\/www.actualidadadiario.com\/index.php\/wp-json\/wp\/v2\/media\/59460"}],"wp:attachment":[{"href":"https:\/\/www.actualidadadiario.com\/index.php\/wp-json\/wp\/v2\/media?parent=59459"}],"wp:term":[{"taxonomy":"category","embeddable":true,"href":"https:\/\/www.actualidadadiario.com\/index.php\/wp-json\/wp\/v2\/categories?post=59459"},{"taxonomy":"post_tag","embeddable":true,"href":"https:\/\/www.actualidadadiario.com\/index.php\/wp-json\/wp\/v2\/tags?post=59459"}],"curies":[{"name":"wp","href":"https:\/\/api.w.org\/{rel}","templated":true}]}}