{"id":59451,"date":"2020-03-25T13:53:41","date_gmt":"2020-03-25T16:53:41","guid":{"rendered":"https:\/\/www.actualidadadiario.com\/?p=59451"},"modified":"2020-03-25T13:53:41","modified_gmt":"2020-03-25T16:53:41","slug":"el-demencial-caso-de-bolsonaro-brasil-y-el-coronavirus","status":"publish","type":"post","link":"https:\/\/www.actualidadadiario.com\/index.php\/2020\/03\/25\/el-demencial-caso-de-bolsonaro-brasil-y-el-coronavirus\/","title":{"rendered":"El demencial caso de Bolsonaro, Brasil y el coronavirus"},"content":{"rendered":"<p style=\"text-align: center;\"><em><strong>La pandemia de coronavirus, ya nadie lo duda, ataca a todos y con todo. Desde la inmensa cantidad de contagios y muertes en China a Italia y Espa\u00f1a, pasando por Estados Unidos, el turno en Am\u00e9rica Latina tiene un caso muy particular: Brasil. Su presidente, Jair Bolsonaro, no deja de asombrar por sus declaraciones: rechaz\u00f3 el virus, acus\u00f3 a Rusia y China, y dijo que es una \u201cgripecita\u201d<\/strong><\/em><\/p>\n<p>&nbsp;<\/p>\n<p>El principal multimedio opositor a Lula da Silva y sost\u00e9n de la campa\u00f1a del actual mandatario, O\u2019Globo, cambi\u00f3 el tono al recordar que \u201cen diez ocasiones Bolsonaro minimiz\u00f3 la pandemia del COVID-19\u201c. El Jefe de Estado acus\u00f3 de \u201clun\u00e1tico\u201d el gobernador de San Pablo por decretar la cuarentena y argument\u00f3 que \u201cno cerrar\u00e1n las escuelas porque los ni\u00f1os no son factor de riesgo\u201d.<\/p>\n<p>Al mismo tiempo, el gobernador de R\u00edo de Janeiro asegur\u00f3 que \u201cno tiene contacto ni relaci\u00f3n a nivel nacional\u201d. \u201cNunca imagin\u00e9 que podr\u00eda pasar esto en plena democracia\u201d, exclam\u00f3 el mandatario carioca. Por su parte, Bolsonaro insiste en minimizar el nuevo virus, criticar a Rusia y a China, y recordar que \u201clas clases no se suspenden porque los m\u00e1s chicos no son factor de riesgo\u201d.<\/p>\n<p>Los especialistas, al mismo tiempo, temen un escenario a\u00fan m\u00e1s grave: la mayor\u00eda no descarta que Brasil sea el pa\u00eds que copie el modelo de Italia o Espa\u00f1a en Europa. Esto es, no tomar las medidas de prevenci\u00f3n por anticipado, minimizar el cuadro y sufrir con un sistema de salud p\u00fablica deficiente y m\u00ednima para m\u00e1s de 200 millones de personas.<\/p>\n<p>Aun as\u00ed, millones de brasile\u00f1os prefieren no hacer caso a su presidente y comenzaron a tomar recaudos por su cuenta. Otros, se plegaron a las disposiciones locales. Lo cierto es que la pandemia se extendi\u00f3 a todo el mundo y todo pa\u00eds que no se anticipe y lo tome en serio, va a sufrir la verdadera ferocidad y mortandad de una nueva \u201cgripecita\u201d.<\/p>\n","protected":false},"excerpt":{"rendered":"<p>La pandemia de coronavirus, ya nadie lo duda, ataca a todos y con todo. Desde la inmensa cantidad de contagios y muertes en China a Italia y Espa\u00f1a, pasando por Estados Unidos, el turno en Am\u00e9rica Latina tiene un caso muy particular: Brasil. Su presidente, Jair Bolsonaro, no deja de asombrar por sus declaraciones: rechaz\u00f3 el virus, acus\u00f3 a Rusia y China, y dijo que es una \u201cgripecita\u201d &nbsp; El principal multimedio opositor a Lula da Silva y sost\u00e9n de la campa\u00f1a del actual mandatario, O\u2019Globo, cambi\u00f3 el tono al&#8230;<\/p>\n","protected":false},"author":3,"featured_media":58272,"comment_status":"closed","ping_status":"closed","sticky":false,"template":"","format":"standard","meta":[],"categories":[4],"tags":[],"_links":{"self":[{"href":"https:\/\/www.actualidadadiario.com\/index.php\/wp-json\/wp\/v2\/posts\/59451"}],"collection":[{"href":"https:\/\/www.actualidadadiario.com\/index.php\/wp-json\/wp\/v2\/posts"}],"about":[{"href":"https:\/\/www.actualidadadiario.com\/index.php\/wp-json\/wp\/v2\/types\/post"}],"author":[{"embeddable":true,"href":"https:\/\/www.actualidadadiario.com\/index.php\/wp-json\/wp\/v2\/users\/3"}],"replies":[{"embeddable":true,"href":"https:\/\/www.actualidadadiario.com\/index.php\/wp-json\/wp\/v2\/comments?post=59451"}],"version-history":[{"count":1,"href":"https:\/\/www.actualidadadiario.com\/index.php\/wp-json\/wp\/v2\/posts\/59451\/revisions"}],"predecessor-version":[{"id":59452,"href":"https:\/\/www.actualidadadiario.com\/index.php\/wp-json\/wp\/v2\/posts\/59451\/revisions\/59452"}],"wp:featuredmedia":[{"embeddable":true,"href":"https:\/\/www.actualidadadiario.com\/index.php\/wp-json\/wp\/v2\/media\/58272"}],"wp:attachment":[{"href":"https:\/\/www.actualidadadiario.com\/index.php\/wp-json\/wp\/v2\/media?parent=59451"}],"wp:term":[{"taxonomy":"category","embeddable":true,"href":"https:\/\/www.actualidadadiario.com\/index.php\/wp-json\/wp\/v2\/categories?post=59451"},{"taxonomy":"post_tag","embeddable":true,"href":"https:\/\/www.actualidadadiario.com\/index.php\/wp-json\/wp\/v2\/tags?post=59451"}],"curies":[{"name":"wp","href":"https:\/\/api.w.org\/{rel}","templated":true}]}}