{"id":59440,"date":"2020-03-25T13:50:35","date_gmt":"2020-03-25T16:50:35","guid":{"rendered":"https:\/\/www.actualidadadiario.com\/?p=59440"},"modified":"2020-03-25T13:50:35","modified_gmt":"2020-03-25T16:50:35","slug":"alberto-sobre-el-aislamiento-lo-que-no-entre-con-la-razon-va-a-entrar-con-la-fuerza","status":"publish","type":"post","link":"https:\/\/www.actualidadadiario.com\/index.php\/2020\/03\/25\/alberto-sobre-el-aislamiento-lo-que-no-entre-con-la-razon-va-a-entrar-con-la-fuerza\/","title":{"rendered":"Alberto, sobre el aislamiento: &#8220;Lo que no entre con la raz\u00f3n, va a entrar con la fuerza&#8221;"},"content":{"rendered":"<p style=\"text-align: center;\"><em><strong>El presidente Alberto Fern\u00e1ndez advirti\u00f3 hoy que &#8220;lo que no entre con la raz\u00f3n, va a entrar con la fuerza&#8221; en relaci\u00f3n a los ciudadanos que incumplen el aislamiento social, preventivo y obligatorio dispuesto por el gobierno nacional para contener la propagaci\u00f3n del coronavirus, y est\u00e9n circulando por las calles, a quienes calific\u00f3 de &#8220;inconscientes&#8221;<\/strong><\/em><\/p>\n<p>&nbsp;<\/p>\n<p>&#8220;Es posible que haya gente que no est\u00e9 autorizada a salir. Yo le aviso a esa gente que, adonde los encontremos, los detenemos y les vamos a sacar los autos, porque son unos inconscientes. Lo que no entra por la raz\u00f3n, va a entrar por la fuerza; quiero que todos lo sepan&#8221;, afirm\u00f3 Fern\u00e1ndez, en un mensaje enviado al periodista Pablo Vilouta, conductor del noticiero de A24.<\/p>\n<p>En relaci\u00f3n al colapso del tr\u00e1nsito que se observ\u00f3 esta ma\u00f1ana en los ingresos a la ciudad de Buenos Aires, el jefe de Estado record\u00f3 que el lunes, en una reuni\u00f3n en Olivos con el gobernador bonaerense Axel Kicillof e intendentes, se acord\u00f3 que &#8220;ellos van a custodiar todas las autopistas de acceso a la Capital&#8221;.<\/p>\n<p>&#8220;Arriba de las autopistas, la Gendarmer\u00eda y la Polic\u00eda Federal se van a ocupar, y, dentro de Buenos Aires, se est\u00e1 ocupando la polic\u00eda de la ciudad de Buenos Aires. Todo est\u00e1 organizado&#8221;, detall\u00f3 Fern\u00e1ndez.<\/p>\n<p>En ese plano, indic\u00f3 que &#8220;hay que tener en cuenta que hoy van a entrar 122 mil personas que trabajan en salud y en seguridad, en la ciudad de Buenos Aires y alrededores, y que van a entrar alrededor de 80 y 100 mil personas m\u00e1s que trabajan en la alimentaci\u00f3n, en supermercados, en farmacias, en negocias de cercan\u00edas y estaciones de servicio, lo que hace un total de 230 mil personas que se mueve&#8221;.<\/p>\n<p>No obstante, el Presidente aclar\u00f3 que &#8220;eso es nada si se tiene en cuenta que en la ciudad entran diariamente alrededor de 9 millones de personas&#8221;.<\/p>\n<p>&#8220;Quiero que todos me sigan ayudando, nos sigan ayudando. Es un esfuerzo muy grande que estamos haciendo todos. Por favor, ayudemos&#8221;, expres\u00f3 finalmente Fern\u00e1ndez, en el mensaje enviado a A24, tras observar las aglomeraciones de autos en los accesos a la Capital Federal y el renovado pedido de que toda la gente se quede en su casa para evitar contagios.<\/p>\n<p>El jefe de Estado desarrollaba su actividad esta ma\u00f1ana en Olivos, comunicado con su jefe de Gabinete, Santiago Cafiero, y sus ministros y colaboradores en la emergencia sanitaria, siguiendo la evoluci\u00f3n de las medidas para afrontar la pandemia del coronavirus, dijeron a T\u00e9lam fuentes oficiales<\/p>\n<p>Al mediod\u00eda, el mandatario mantendr\u00e1 una reuni\u00f3n con la ministra de Seguridad, Sabina Frederic, y los jefes de las fuerzas federales.<\/p>\n","protected":false},"excerpt":{"rendered":"<p>El presidente Alberto Fern\u00e1ndez advirti\u00f3 hoy que &#8220;lo que no entre con la raz\u00f3n, va a entrar con la fuerza&#8221; en relaci\u00f3n a los ciudadanos que incumplen el aislamiento social, preventivo y obligatorio dispuesto por el gobierno nacional para contener la propagaci\u00f3n del coronavirus, y est\u00e9n circulando por las calles, a quienes calific\u00f3 de &#8220;inconscientes&#8221; &nbsp; &#8220;Es posible que haya gente que no est\u00e9 autorizada a salir. Yo le aviso a esa gente que, adonde los encontremos, los detenemos y les vamos a sacar los autos, porque son unos inconscientes&#8230;.<\/p>\n","protected":false},"author":3,"featured_media":55689,"comment_status":"closed","ping_status":"closed","sticky":false,"template":"","format":"standard","meta":[],"categories":[18],"tags":[],"_links":{"self":[{"href":"https:\/\/www.actualidadadiario.com\/index.php\/wp-json\/wp\/v2\/posts\/59440"}],"collection":[{"href":"https:\/\/www.actualidadadiario.com\/index.php\/wp-json\/wp\/v2\/posts"}],"about":[{"href":"https:\/\/www.actualidadadiario.com\/index.php\/wp-json\/wp\/v2\/types\/post"}],"author":[{"embeddable":true,"href":"https:\/\/www.actualidadadiario.com\/index.php\/wp-json\/wp\/v2\/users\/3"}],"replies":[{"embeddable":true,"href":"https:\/\/www.actualidadadiario.com\/index.php\/wp-json\/wp\/v2\/comments?post=59440"}],"version-history":[{"count":1,"href":"https:\/\/www.actualidadadiario.com\/index.php\/wp-json\/wp\/v2\/posts\/59440\/revisions"}],"predecessor-version":[{"id":59441,"href":"https:\/\/www.actualidadadiario.com\/index.php\/wp-json\/wp\/v2\/posts\/59440\/revisions\/59441"}],"wp:featuredmedia":[{"embeddable":true,"href":"https:\/\/www.actualidadadiario.com\/index.php\/wp-json\/wp\/v2\/media\/55689"}],"wp:attachment":[{"href":"https:\/\/www.actualidadadiario.com\/index.php\/wp-json\/wp\/v2\/media?parent=59440"}],"wp:term":[{"taxonomy":"category","embeddable":true,"href":"https:\/\/www.actualidadadiario.com\/index.php\/wp-json\/wp\/v2\/categories?post=59440"},{"taxonomy":"post_tag","embeddable":true,"href":"https:\/\/www.actualidadadiario.com\/index.php\/wp-json\/wp\/v2\/tags?post=59440"}],"curies":[{"name":"wp","href":"https:\/\/api.w.org\/{rel}","templated":true}]}}