{"id":59421,"date":"2020-03-25T13:43:30","date_gmt":"2020-03-25T16:43:30","guid":{"rendered":"https:\/\/www.actualidadadiario.com\/?p=59421"},"modified":"2020-03-25T13:43:30","modified_gmt":"2020-03-25T16:43:30","slug":"extienden-la-prohibicion-para-vuelos-de-cabotaje-y-micros-de-larga-distancia","status":"publish","type":"post","link":"https:\/\/www.actualidadadiario.com\/index.php\/2020\/03\/25\/extienden-la-prohibicion-para-vuelos-de-cabotaje-y-micros-de-larga-distancia\/","title":{"rendered":"Extienden la prohibici\u00f3n para vuelos de cabotaje y micros de larga distancia"},"content":{"rendered":"<p style=\"text-align: center;\"><em><strong>El gobierno prorrog\u00f3 este jueves la ampliaci\u00f3n hasta el 31 de marzo de suspensi\u00f3n de vuelos de cabotaje, automotor y ferroviario de pasajeros en el marco del aislamiento social preventivo obligatorio<\/strong><\/em><\/p>\n<p>&nbsp;<\/p>\n<p>La resoluci\u00f3n 73\/2020 publicada este mi\u00e9rcoles en el Bolet\u00edn Oficial dispone que la circulaci\u00f3n de los servicios de transporte p\u00fablico automotor y ferroviario se har\u00e1 con &#8220;frecuencias y programaci\u00f3n habituales de d\u00eda feriado&#8221; hasta el 31 de marzo y se suma la suspensi\u00f3n de la circulaci\u00f3n de los servicios de transporte automotor urbano y suburbano de oferta libre durante el mismo per\u00edodo.<\/p>\n<p>&nbsp;<\/p>\n<p><strong>En tanto, en el art\u00edculo 4 se establecen excepciones a las siguientes categor\u00edas: <\/strong><\/p>\n<ul>\n<li>El traslado hacia sus domicilios de residentes en el pa\u00eds que est\u00e9n retornando a la Rep\u00fablica Argentina.<\/li>\n<li>El traslado hacia aeropuertos, puertos y\/o terminales de \u00f3mnibus o ferroviarias de extranjeros que se encuentren en el pa\u00eds y que se dirijan a su pa\u00eds de origen.<\/li>\n<li>El transporte de pasajeros para el traslado de personas que presten servicios o realicen actividades declarados esenciales en el marco de la emergencia p\u00fablica declarada.\u201d<\/li>\n<\/ul>\n<p>Las limitaciones adoptadas por el ministerio de Transporte &#8220;busca acompa\u00f1ar las medidas puesta en marcha por el poder ejecutivo nacional, mediante la Resoluci\u00f3n N\u00b0 71 que establece mayores limitaciones a la circulaci\u00f3n de pasajeros en servicios de transporte automotor y ferroviario sometidos a Jurisdicci\u00f3n Nacional&#8221;, precisa el texto oficial.<\/p>\n<p>En tanto, la Ciudad de Buenos Aires anunci\u00f3 este martes el cierre de 59 accesos y el mantenimiento de tan solo 13 que se someter\u00e1n a un &#8220;estricto control&#8221; para identificar a aquellos que no cumplan con la cuarentena.<\/p>\n<p>\u201cTenemos que seguir trabajando para que cada vez haya menos gente en la calle y s\u00f3lo circulen los que deben hacerlo\u201d, afirm\u00f3 el vice jefe de gobierno porte\u00f1o, Diego Santilli.<\/p>\n","protected":false},"excerpt":{"rendered":"<p>El gobierno prorrog\u00f3 este jueves la ampliaci\u00f3n hasta el 31 de marzo de suspensi\u00f3n de vuelos de cabotaje, automotor y ferroviario de pasajeros en el marco del aislamiento social preventivo obligatorio &nbsp; La resoluci\u00f3n 73\/2020 publicada este mi\u00e9rcoles en el Bolet\u00edn Oficial dispone que la circulaci\u00f3n de los servicios de transporte p\u00fablico automotor y ferroviario se har\u00e1 con &#8220;frecuencias y programaci\u00f3n habituales de d\u00eda feriado&#8221; hasta el 31 de marzo y se suma la suspensi\u00f3n de la circulaci\u00f3n de los servicios de transporte automotor urbano y suburbano de oferta libre&#8230;<\/p>\n","protected":false},"author":3,"featured_media":59422,"comment_status":"closed","ping_status":"closed","sticky":false,"template":"","format":"standard","meta":[],"categories":[2],"tags":[],"_links":{"self":[{"href":"https:\/\/www.actualidadadiario.com\/index.php\/wp-json\/wp\/v2\/posts\/59421"}],"collection":[{"href":"https:\/\/www.actualidadadiario.com\/index.php\/wp-json\/wp\/v2\/posts"}],"about":[{"href":"https:\/\/www.actualidadadiario.com\/index.php\/wp-json\/wp\/v2\/types\/post"}],"author":[{"embeddable":true,"href":"https:\/\/www.actualidadadiario.com\/index.php\/wp-json\/wp\/v2\/users\/3"}],"replies":[{"embeddable":true,"href":"https:\/\/www.actualidadadiario.com\/index.php\/wp-json\/wp\/v2\/comments?post=59421"}],"version-history":[{"count":1,"href":"https:\/\/www.actualidadadiario.com\/index.php\/wp-json\/wp\/v2\/posts\/59421\/revisions"}],"predecessor-version":[{"id":59423,"href":"https:\/\/www.actualidadadiario.com\/index.php\/wp-json\/wp\/v2\/posts\/59421\/revisions\/59423"}],"wp:featuredmedia":[{"embeddable":true,"href":"https:\/\/www.actualidadadiario.com\/index.php\/wp-json\/wp\/v2\/media\/59422"}],"wp:attachment":[{"href":"https:\/\/www.actualidadadiario.com\/index.php\/wp-json\/wp\/v2\/media?parent=59421"}],"wp:term":[{"taxonomy":"category","embeddable":true,"href":"https:\/\/www.actualidadadiario.com\/index.php\/wp-json\/wp\/v2\/categories?post=59421"},{"taxonomy":"post_tag","embeddable":true,"href":"https:\/\/www.actualidadadiario.com\/index.php\/wp-json\/wp\/v2\/tags?post=59421"}],"curies":[{"name":"wp","href":"https:\/\/api.w.org\/{rel}","templated":true}]}}