{"id":59410,"date":"2020-03-25T13:40:33","date_gmt":"2020-03-25T16:40:33","guid":{"rendered":"https:\/\/www.actualidadadiario.com\/?p=59410"},"modified":"2020-03-25T13:40:33","modified_gmt":"2020-03-25T16:40:33","slug":"amnistia-destaco-lo-logrado-y-pidio-recordar-lo-que-falta","status":"publish","type":"post","link":"https:\/\/www.actualidadadiario.com\/index.php\/2020\/03\/25\/amnistia-destaco-lo-logrado-y-pidio-recordar-lo-que-falta\/","title":{"rendered":"Amnist\u00eda destac\u00f3 lo logrado y pidi\u00f3 recordar lo que falta"},"content":{"rendered":"<p style=\"text-align: center;\"><em><strong>La organizaci\u00f3n defensora de los derechos humanos Amnist\u00eda Internacional reafirm\u00f3 &#8220;la importancia de sostener el proceso de Memoria, Verdad y Justicia que mantiene Argentina&#8221;, en relaci\u00f3n a los delitos cometidos por el terrorismo de Estado<\/strong><\/em><\/p>\n<p>&nbsp;<\/p>\n<p>&#8220;Mantenemos la memoria en acci\u00f3n: a 44 a\u00f1os de la \u00faltima dictadura, seguimos reclamando justicia y reparaci\u00f3n. Argentina, Amnist\u00eda Internacional reafirma la importancia del proceso de memoria, verdad, justicia y reparaci\u00f3n como ejemplo tanto a nivel nacional como internacional&#8221;, indic\u00f3 la entidad.<\/p>\n<p>&#8220;La recordaci\u00f3n esta vez es en un contexto de aislamiento. No estemos juntos en el pedido de justicia. Este sentimiento de unidad y lucha tambi\u00e9n es importante hoy, un d\u00eda fundamental para destacar los logros conquistados por toda la sociedad, pero tambi\u00e9n para recordar lo que a\u00fan falta&#8221;, se\u00f1al\u00f3 Mariela Belski, directora ejecutiva de Amnist\u00eda Internacional Argentina.<\/p>\n","protected":false},"excerpt":{"rendered":"<p>La organizaci\u00f3n defensora de los derechos humanos Amnist\u00eda Internacional reafirm\u00f3 &#8220;la importancia de sostener el proceso de Memoria, Verdad y Justicia que mantiene Argentina&#8221;, en relaci\u00f3n a los delitos cometidos por el terrorismo de Estado &nbsp; &#8220;Mantenemos la memoria en acci\u00f3n: a 44 a\u00f1os de la \u00faltima dictadura, seguimos reclamando justicia y reparaci\u00f3n. Argentina, Amnist\u00eda Internacional reafirma la importancia del proceso de memoria, verdad, justicia y reparaci\u00f3n como ejemplo tanto a nivel nacional como internacional&#8221;, indic\u00f3 la entidad. &#8220;La recordaci\u00f3n esta vez es en un contexto de aislamiento. No estemos&#8230;<\/p>\n","protected":false},"author":3,"featured_media":59411,"comment_status":"closed","ping_status":"closed","sticky":false,"template":"","format":"standard","meta":[],"categories":[9],"tags":[],"_links":{"self":[{"href":"https:\/\/www.actualidadadiario.com\/index.php\/wp-json\/wp\/v2\/posts\/59410"}],"collection":[{"href":"https:\/\/www.actualidadadiario.com\/index.php\/wp-json\/wp\/v2\/posts"}],"about":[{"href":"https:\/\/www.actualidadadiario.com\/index.php\/wp-json\/wp\/v2\/types\/post"}],"author":[{"embeddable":true,"href":"https:\/\/www.actualidadadiario.com\/index.php\/wp-json\/wp\/v2\/users\/3"}],"replies":[{"embeddable":true,"href":"https:\/\/www.actualidadadiario.com\/index.php\/wp-json\/wp\/v2\/comments?post=59410"}],"version-history":[{"count":1,"href":"https:\/\/www.actualidadadiario.com\/index.php\/wp-json\/wp\/v2\/posts\/59410\/revisions"}],"predecessor-version":[{"id":59412,"href":"https:\/\/www.actualidadadiario.com\/index.php\/wp-json\/wp\/v2\/posts\/59410\/revisions\/59412"}],"wp:featuredmedia":[{"embeddable":true,"href":"https:\/\/www.actualidadadiario.com\/index.php\/wp-json\/wp\/v2\/media\/59411"}],"wp:attachment":[{"href":"https:\/\/www.actualidadadiario.com\/index.php\/wp-json\/wp\/v2\/media?parent=59410"}],"wp:term":[{"taxonomy":"category","embeddable":true,"href":"https:\/\/www.actualidadadiario.com\/index.php\/wp-json\/wp\/v2\/categories?post=59410"},{"taxonomy":"post_tag","embeddable":true,"href":"https:\/\/www.actualidadadiario.com\/index.php\/wp-json\/wp\/v2\/tags?post=59410"}],"curies":[{"name":"wp","href":"https:\/\/api.w.org\/{rel}","templated":true}]}}