{"id":59407,"date":"2020-03-25T13:39:46","date_gmt":"2020-03-25T16:39:46","guid":{"rendered":"https:\/\/www.actualidadadiario.com\/?p=59407"},"modified":"2020-03-25T13:39:46","modified_gmt":"2020-03-25T16:39:46","slug":"la-anses-informo-cuales-seran-los-pasos-para-tramitar-el-ingreso-familiar-de-emergencia","status":"publish","type":"post","link":"https:\/\/www.actualidadadiario.com\/index.php\/2020\/03\/25\/la-anses-informo-cuales-seran-los-pasos-para-tramitar-el-ingreso-familiar-de-emergencia\/","title":{"rendered":"La Anses inform\u00f3 cu\u00e1les ser\u00e1n los pasos para tramitar el Ingreso Familiar de Emergencia"},"content":{"rendered":"<p style=\"text-align: center;\"><em><strong>La Anses inform\u00f3 qui\u00e9nes estar\u00e1n alcanzados por el Ingreso Familiar de Emergencia (IFE) de $10.000 dispuesto por el Gobierno nacional y cu\u00e1les son los requisitos y el tr\u00e1mite que habr\u00e1 que hacer para contar con la asignaci\u00f3n que se cobrar\u00e1 durante el mes de abril<\/strong><\/em><\/p>\n<p>&nbsp;<\/p>\n<p>&nbsp;<\/p>\n<p>La Anses inform\u00f3 qui\u00e9nes estar\u00e1n alcanzados por el Ingreso Familiar de Emergencia (IFE) de $10.000 dispuesto por el Gobierno nacional y cu\u00e1les son los requisitos y el tr\u00e1mite que habr\u00e1 que hacer para contar con la asignaci\u00f3n que se cobrar\u00e1 durante el mes de abril.<\/p>\n<p>El bono extraordinario, explic\u00f3 el organismo, ser\u00e1 \u00fanico por familia y corresponder\u00e1 a trabajadores informales, de casas particulares, monotributistas sociales y de las categor\u00edas A y B que sean argentinos nativos o naturalizados o residentes, con una residencia legal en el pa\u00eds no inferior a 2 a\u00f1os, y tengan entre 18 y 65 a\u00f1os de edad.<\/p>\n<p>A su vez, podr\u00e1n contar con la asignaci\u00f3n siempre que no haya en el n\u00facleo familiar otra persona con un trabajo en relaci\u00f3n de dependencia en el sector p\u00fablico o privado; un monotributista de categor\u00eda C o superior, o del r\u00e9gimen de aut\u00f3nomos de una prestaci\u00f3n de desempleo o de jubilaciones.<\/p>\n<p>Aun as\u00ed, el IFE ser\u00e1 compatible con el cobro de la Asignaci\u00f3n Universal por Hijo, la Asignaci\u00f3n por Embarazo y el programa Progresar.<\/p>\n<p>Para las familias que cobran estas asignaciones no ser\u00e1 necesario ning\u00fan tr\u00e1mite, ya que el dinero se acreditar\u00e1 autom\u00e1ticamente en las cuentas que ya poseen, pero los no registrados deber\u00e1n inscribirse en una aplicaci\u00f3n que estar\u00e1 disponible en los pr\u00f3ximos d\u00edas.<\/p>\n<p>Al respecto, la Anses precis\u00f3 que el tr\u00e1mite ser\u00e1 completamente digital y que no ser\u00e1 necesario concurrir a ninguna oficina, sino completar un formulario en la web de la Anses con los datos personales y establecer una cuenta bancaria (CBU) para el cobro.<\/p>\n<p>Quienes vivan en zonas m\u00e1s alejadas de los centro urbanos o est\u00e9n en situaci\u00f3n de mayor informalidad se dispondr\u00e1n mecanismos alternativos, como el cobro por correo, por ejemplo.<\/p>\n<p>Seg\u00fan explicaron fuentes del Banco Naci\u00f3n a T\u00e9lam, la entidad tambi\u00e9n est\u00e1 trabajando en una alternativa que permita a quienes no cuenten con una cuenta bancaria cobrar los $10.000 a trav\u00e9s de cajeros autom\u00e1ticos que permitan operar sin una tarjeta de d\u00e9bito.<\/p>\n<p>Aun as\u00ed, el Gobierno est\u00e1 analizando otros mecanismos que ayuden a hacer efectivo el pago a ciudadanos a los beneficiarios que no est\u00e1n bancarizados y que, sin embargo, necesitar\u00e1n con la mayor celeridad posible acceder a los $ 10.000.<\/p>\n<p>Por \u00faltimo, la Anses asegur\u00f3 que dar\u00e1 un plazo suficiente para que todos los que cumplan con los requisitos puedan cobrar el beneficio y que podr\u00e1n hacer consultas a trav\u00e9s del n\u00famero telef\u00f3nico 130 y de la p\u00e1gina web www.anses.gob.ar.<\/p>\n<p>El Ingreso Familiar de Emergencia fue anunciado ayer por el ministro de Econom\u00eda, Mart\u00edn Guzm\u00e1n, y por el ministro de Trabajo, Claudio Moroni, como una herramienta para auxiliar a las familias que se ver\u00e1n m\u00e1s afectadas por las medidas de aislamiento dictadas para atenuar la propagaci\u00f3n del coronavirus (Covid-19).<\/p>\n","protected":false},"excerpt":{"rendered":"<p>La Anses inform\u00f3 qui\u00e9nes estar\u00e1n alcanzados por el Ingreso Familiar de Emergencia (IFE) de $10.000 dispuesto por el Gobierno nacional y cu\u00e1les son los requisitos y el tr\u00e1mite que habr\u00e1 que hacer para contar con la asignaci\u00f3n que se cobrar\u00e1 durante el mes de abril &nbsp; &nbsp; La Anses inform\u00f3 qui\u00e9nes estar\u00e1n alcanzados por el Ingreso Familiar de Emergencia (IFE) de $10.000 dispuesto por el Gobierno nacional y cu\u00e1les son los requisitos y el tr\u00e1mite que habr\u00e1 que hacer para contar con la asignaci\u00f3n que se cobrar\u00e1 durante el mes&#8230;<\/p>\n","protected":false},"author":3,"featured_media":59408,"comment_status":"closed","ping_status":"closed","sticky":false,"template":"","format":"standard","meta":[],"categories":[9],"tags":[],"_links":{"self":[{"href":"https:\/\/www.actualidadadiario.com\/index.php\/wp-json\/wp\/v2\/posts\/59407"}],"collection":[{"href":"https:\/\/www.actualidadadiario.com\/index.php\/wp-json\/wp\/v2\/posts"}],"about":[{"href":"https:\/\/www.actualidadadiario.com\/index.php\/wp-json\/wp\/v2\/types\/post"}],"author":[{"embeddable":true,"href":"https:\/\/www.actualidadadiario.com\/index.php\/wp-json\/wp\/v2\/users\/3"}],"replies":[{"embeddable":true,"href":"https:\/\/www.actualidadadiario.com\/index.php\/wp-json\/wp\/v2\/comments?post=59407"}],"version-history":[{"count":1,"href":"https:\/\/www.actualidadadiario.com\/index.php\/wp-json\/wp\/v2\/posts\/59407\/revisions"}],"predecessor-version":[{"id":59409,"href":"https:\/\/www.actualidadadiario.com\/index.php\/wp-json\/wp\/v2\/posts\/59407\/revisions\/59409"}],"wp:featuredmedia":[{"embeddable":true,"href":"https:\/\/www.actualidadadiario.com\/index.php\/wp-json\/wp\/v2\/media\/59408"}],"wp:attachment":[{"href":"https:\/\/www.actualidadadiario.com\/index.php\/wp-json\/wp\/v2\/media?parent=59407"}],"wp:term":[{"taxonomy":"category","embeddable":true,"href":"https:\/\/www.actualidadadiario.com\/index.php\/wp-json\/wp\/v2\/categories?post=59407"},{"taxonomy":"post_tag","embeddable":true,"href":"https:\/\/www.actualidadadiario.com\/index.php\/wp-json\/wp\/v2\/tags?post=59407"}],"curies":[{"name":"wp","href":"https:\/\/api.w.org\/{rel}","templated":true}]}}