{"id":59374,"date":"2020-03-24T13:43:23","date_gmt":"2020-03-24T16:43:23","guid":{"rendered":"https:\/\/www.actualidadadiario.com\/?p=59374"},"modified":"2020-03-24T13:43:23","modified_gmt":"2020-03-24T16:43:23","slug":"oficial-los-juegos-olimpicos-de-tokio-fueron-postergados-para-2021","status":"publish","type":"post","link":"https:\/\/www.actualidadadiario.com\/index.php\/2020\/03\/24\/oficial-los-juegos-olimpicos-de-tokio-fueron-postergados-para-2021\/","title":{"rendered":"Oficial: los Juegos Ol\u00edmpicos de Tokio fueron postergados para 2021"},"content":{"rendered":"<p style=\"text-align: center;\"><em><strong>El primer ministro Shinzo Abe dialog\u00f3 con el presidente del Comit\u00e9 Ol\u00edmpico Internacional y acordaron aplazar para el pr\u00f3ximo a\u00f1o a la m\u00e1xima cita deportiva del mundo, que iba a iniciarse el viernes 24 de julio en la capital nipona<\/strong><\/em><\/p>\n<p>&nbsp;<\/p>\n<p>&nbsp;<\/p>\n<p>Jap\u00f3n y el Comit\u00e9 Ol\u00edmpico Internacional anunciaron de manera simult\u00e1nea el acuerdo para postergar los Juegos Ol\u00edmpicos para el pr\u00f3ximo 2021. El Primer Ministro de Jap\u00f3n, Shinzo Abe, se comunic\u00f3 con Thomas Bach \u2013m\u00e1xima autoridad ol\u00edmpica\u2013 y ambos acordaron aplazar la cita como m\u00e1ximo hasta el verano del pr\u00f3ximo a\u00f1o a ra\u00edz de la pandemia de coronavirus que mantiene al mundo en vilo.<\/p>\n<p>\u201cHe hecho una propuesta de aproximadamente un a\u00f1o\u201d, afirm\u00f3 el Premier japon\u00e9s en di\u00e1logo con la prensa. \u201cEl presidente Bach dijo que estuvo de acuerdo al 100 por ciento y acordamos celebrar los Juegos Ol\u00edmpicos para el verano de 2021\u201d.<\/p>\n<p>Seg\u00fan asegur\u00f3 NHK, Abe, adem\u00e1s de proponer el aplazamiento de los Juegos Ol\u00edmpicos para dentro de un a\u00f1o, tambi\u00e9n expres\u00f3 su agradecimiento por la decisi\u00f3n del COI de acuerdo con la pol\u00edtica de Jap\u00f3n de llevar a cabo los Juegos en su totalidad.<\/p>\n<p>En la conferencia telef\u00f3nica tambi\u00e9n estuvieron presentes Mori Yoshiro, presidente del Comit\u00e9 Organizador de Tokio 2020; el ministro ol\u00edmpico, Hashimoto Seiko; el gobernador de Tokio, Koike Yuriko; el presidente de la Comisi\u00f3n de Coordinaci\u00f3n del COI, John Coates; Director General del COI, Christophe De Kepper; y el Director Ejecutivo de los Juegos Ol\u00edmpicos del COI, Christophe Dubi.<\/p>\n<p>El mandatario, adem\u00e1s, sostuvo que \u201ca la luz de las condiciones actuales y para todos los atletas, hicimos una propuesta de aplazamiento de aproximadamente un a\u00f1o, para mantenerlos seguros y protegidos\u201d.<\/p>\n<p>El Comit\u00e9 Ol\u00edmpico Internacional, por su parte, inform\u00f3 por intermedio de un comunicado: \u201cEn las circunstancias actuales y en base a la informaci\u00f3n proporcionada por la Organizaci\u00f3n Mundial de la Salud (OMS) hoy, el Presidente del COI y el Primer Ministro de Jap\u00f3n han concluido que los Juegos Tokio deben reprogramarse para una fecha posterior a 2020, pero no despu\u00e9s del verano de 2021 para salvaguardar la salud de los atletas, todos los involucrados en los Juegos Ol\u00edmpicos y la comunidad internacional\u201d.<\/p>\n<p>Antes de esta reuni\u00f3n, el Primer Ministro del pa\u00eds asi\u00e1tico hab\u00eda dejado entrever su postura en el parlamento: \u201cSi a Jap\u00f3n le resulta dif\u00edcil celebrar los Juegos Ol\u00edmpicos en su \u2018forma completa\u2019 debido a la pandemia del coronavirus, el pa\u00eds debe considerar posponerlos\u201d.<\/p>\n<p>El aplazamiento de los Juegos Ol\u00edmpicos es una medida ins\u00f3lita, ya que solo ha dejado de celebrarse en 1916, 1940 y 1944 debido a las guerras mundiales. Ser\u00e1 la primera vez que se realizar\u00e1 la m\u00e1xima cita deportiva durante un a\u00f1o impar. Hasta el momento, Jap\u00f3n invirti\u00f3 aproximadamente 35.000 millones de euros en la realizaci\u00f3n del evento.<\/p>\n<p>El pasado viernes la llama ol\u00edmpica lleg\u00f3 a Jap\u00f3n en medio de una ceremonia que fue reducida a ra\u00edz del COVID-19. Aterriz\u00f3 en la base a\u00e9rea de Matsushima, en la provincia japonesa de Miyagi, elegida como parte de los \u201cJuegos Ol\u00edmpicos de Recuperaci\u00f3n\u201d para mostrar el renacimiento de la regi\u00f3n despu\u00e9s del terremoto, tsunami y colapso nuclear de 2011.<\/p>\n<p>\u201cLos l\u00edderes acordaron que los Juegos Ol\u00edmpicos de Tokio podr\u00edan ser un faro de esperanza para el mundo durante estos tiempos dif\u00edciles y que la llama ol\u00edmpica podr\u00eda convertirse en la luz al final del t\u00fanel en el que el mundo se encuentra actualmente. Por lo tanto, se acord\u00f3 que la llama ol\u00edmpica permanecer\u00e1 en Jap\u00f3n. Tambi\u00e9n se acord\u00f3 que los Juegos mantendr\u00e1n el nombre de Juegos Ol\u00edmpicos y Paral\u00edmpicos Tokio 2020\u201d, inform\u00f3 el COI, aunque todav\u00eda no hay una fecha estipulada en el calendario para su inicio.<\/p>\n<p>Cabe recordar que previo a este acuerdo, los Comit\u00e9s Ol\u00edmpicos de Canad\u00e1 y Australia hab\u00edan anunciado que no iban a enviar deportistas a la capital japonesa si se manten\u00eda la fecha de realizaci\u00f3n de la cita internacional (del viernes 24 de julio al domingo 9 de agosto del 2020).<\/p>\n<p>El Comit\u00e9 Ol\u00edmpico de los Estados Unidos fue otro de los que solicit\u00f3 formalmente a su par organizador \u201cposponer\u201d la realizaci\u00f3n de Tokio 2020. \u201cLamentamos que no haya una medida que pueda resolver todas las preocupaciones que enfrentamos. Hay enormes interrupciones en el entorno de capacitaci\u00f3n, los controles antid\u00f3ping y el proceso de calificaci\u00f3n no puede superarse de manera satisfactoria. Con ese fin est\u00e1 m\u00e1s que claro que nunca que el camino hacia el aplazamiento (de los JJ.OO.) es el m\u00e1s adecuado. Alentamos al COI a tomar todas las medidas necesarias para garantizar que los Juegos se desarrollen en condiciones seguras y justas para todos los competidores\u201d, esboz\u00f3 el comunicado del Team USA.<\/p>\n<p>La pandemia del COVID-19 afecta ya a m\u00e1s de 381.000 personas en el mundo. Jap\u00f3n, al d\u00eda de hoy, registr\u00f3 1140 casos y 42 fallecidos.<\/p>\n","protected":false},"excerpt":{"rendered":"<p>El primer ministro Shinzo Abe dialog\u00f3 con el presidente del Comit\u00e9 Ol\u00edmpico Internacional y acordaron aplazar para el pr\u00f3ximo a\u00f1o a la m\u00e1xima cita deportiva del mundo, que iba a iniciarse el viernes 24 de julio en la capital nipona &nbsp; &nbsp; Jap\u00f3n y el Comit\u00e9 Ol\u00edmpico Internacional anunciaron de manera simult\u00e1nea el acuerdo para postergar los Juegos Ol\u00edmpicos para el pr\u00f3ximo 2021. El Primer Ministro de Jap\u00f3n, Shinzo Abe, se comunic\u00f3 con Thomas Bach \u2013m\u00e1xima autoridad ol\u00edmpica\u2013 y ambos acordaron aplazar la cita como m\u00e1ximo hasta el verano del&#8230;<\/p>\n","protected":false},"author":3,"featured_media":59375,"comment_status":"closed","ping_status":"closed","sticky":false,"template":"","format":"standard","meta":[],"categories":[4],"tags":[],"_links":{"self":[{"href":"https:\/\/www.actualidadadiario.com\/index.php\/wp-json\/wp\/v2\/posts\/59374"}],"collection":[{"href":"https:\/\/www.actualidadadiario.com\/index.php\/wp-json\/wp\/v2\/posts"}],"about":[{"href":"https:\/\/www.actualidadadiario.com\/index.php\/wp-json\/wp\/v2\/types\/post"}],"author":[{"embeddable":true,"href":"https:\/\/www.actualidadadiario.com\/index.php\/wp-json\/wp\/v2\/users\/3"}],"replies":[{"embeddable":true,"href":"https:\/\/www.actualidadadiario.com\/index.php\/wp-json\/wp\/v2\/comments?post=59374"}],"version-history":[{"count":1,"href":"https:\/\/www.actualidadadiario.com\/index.php\/wp-json\/wp\/v2\/posts\/59374\/revisions"}],"predecessor-version":[{"id":59376,"href":"https:\/\/www.actualidadadiario.com\/index.php\/wp-json\/wp\/v2\/posts\/59374\/revisions\/59376"}],"wp:featuredmedia":[{"embeddable":true,"href":"https:\/\/www.actualidadadiario.com\/index.php\/wp-json\/wp\/v2\/media\/59375"}],"wp:attachment":[{"href":"https:\/\/www.actualidadadiario.com\/index.php\/wp-json\/wp\/v2\/media?parent=59374"}],"wp:term":[{"taxonomy":"category","embeddable":true,"href":"https:\/\/www.actualidadadiario.com\/index.php\/wp-json\/wp\/v2\/categories?post=59374"},{"taxonomy":"post_tag","embeddable":true,"href":"https:\/\/www.actualidadadiario.com\/index.php\/wp-json\/wp\/v2\/tags?post=59374"}],"curies":[{"name":"wp","href":"https:\/\/api.w.org\/{rel}","templated":true}]}}