{"id":59371,"date":"2020-03-24T13:42:07","date_gmt":"2020-03-24T16:42:07","guid":{"rendered":"https:\/\/www.actualidadadiario.com\/?p=59371"},"modified":"2020-03-24T13:42:07","modified_gmt":"2020-03-24T16:42:07","slug":"china-wuhan-levantara-la-cuarentena-el-8-de-abril","status":"publish","type":"post","link":"https:\/\/www.actualidadadiario.com\/index.php\/2020\/03\/24\/china-wuhan-levantara-la-cuarentena-el-8-de-abril\/","title":{"rendered":"China: Wuhan levantar\u00e1 la cuarentena el 8 de abril"},"content":{"rendered":"<p style=\"text-align: center;\"><em><strong>El resto de las ciudades de la provincia de Hubei, de la que Wuhan es su capital, levantar\u00e1n las restricciones de viaje a partir de ma\u00f1ana<\/strong><\/em><\/p>\n<p>&nbsp;<\/p>\n<p>&nbsp;<\/p>\n<p>Las autoridades chinas informaron hoy que el pr\u00f3ximo 8 de abril la ciudad de Wuhan, el lugar en la que tuvo origen la pandemia de coronavirus que ya ha infectado a casi 400.000 personas en todo el mundo y caus\u00f3 16.500 v\u00edctimas mortales, levantar\u00e1 la cuarentena.<\/p>\n<p>Asimismo, el resto de las ciudades de la provincia de Hubei, de la que Wuhan es su capital, levantar\u00e1n las restricciones de viaje a partir de ma\u00f1ana.<\/p>\n<p>Desde el 8 de abril, las personas que est\u00e1n en Wuhan, recibir\u00e1n un c\u00f3digo QR de color verde, que implica que la persona no ha tenido contacto con ning\u00fan contagiado ni es sospechoso de tener la enfermedad, explic\u00f3 la oficina provincial de control de Covid-19 en una circular reproducida por la agencia de alemana noticias DPA.<\/p>\n<p>Desde el pasado 23 de enero, Wuhan impuso restricciones de tr\u00e1fico as\u00ed como la suspensi\u00f3n del transporte p\u00fablico y de todos los vuelos y trenes de salida, obligando al confinamiento a los 11 millones de habitantes de la urbe.<\/p>\n<p>Hasta ese d\u00eda, el coronavirus hab\u00eda causado 17 muertos y afectado a 444 personas en la ciudad.<\/p>\n<p>Seg\u00fan el \u00faltimo recuento, 2.524 personas han muerto en Wuhan, mientras que el total de la provincia de Hubei asciende a 3.160 los fallecidos.<\/p>\n<p>Las autoridades locales hab\u00edan anunciado previamente que tomar\u00edan medidas &#8220;progresivas&#8221; para ir levantando las restricciones en la ciudad, que no sum\u00f3 nuevos casos confirmados de Covid-19 durante cinco d\u00edas consecutivos hasta el domingo pasado.<\/p>\n<p>En el \u00faltimo recuento, publicado hoy, Wuhan inform\u00f3 de un nuevo caso local de coronavirus.<\/p>\n<p>El n\u00famero total de infectados en China desde el inicio de la pandemia es de 81.171, entre los que han muerto 3.277 personas.<\/p>\n<p>De ese total, 73.159 personas han sido dadas de alta.<\/p>\n<p>El gobierno chino est\u00e1 priorizando ahora &#8220;protegerse de la importaci\u00f3n&#8221; de casos de otros pa\u00edses, despu\u00e9s de haber confirmado 427 contagios de ese tipo.<\/p>\n","protected":false},"excerpt":{"rendered":"<p>El resto de las ciudades de la provincia de Hubei, de la que Wuhan es su capital, levantar\u00e1n las restricciones de viaje a partir de ma\u00f1ana &nbsp; &nbsp; Las autoridades chinas informaron hoy que el pr\u00f3ximo 8 de abril la ciudad de Wuhan, el lugar en la que tuvo origen la pandemia de coronavirus que ya ha infectado a casi 400.000 personas en todo el mundo y caus\u00f3 16.500 v\u00edctimas mortales, levantar\u00e1 la cuarentena. Asimismo, el resto de las ciudades de la provincia de Hubei, de la que Wuhan es&#8230;<\/p>\n","protected":false},"author":3,"featured_media":59372,"comment_status":"closed","ping_status":"closed","sticky":false,"template":"","format":"standard","meta":[],"categories":[4],"tags":[],"_links":{"self":[{"href":"https:\/\/www.actualidadadiario.com\/index.php\/wp-json\/wp\/v2\/posts\/59371"}],"collection":[{"href":"https:\/\/www.actualidadadiario.com\/index.php\/wp-json\/wp\/v2\/posts"}],"about":[{"href":"https:\/\/www.actualidadadiario.com\/index.php\/wp-json\/wp\/v2\/types\/post"}],"author":[{"embeddable":true,"href":"https:\/\/www.actualidadadiario.com\/index.php\/wp-json\/wp\/v2\/users\/3"}],"replies":[{"embeddable":true,"href":"https:\/\/www.actualidadadiario.com\/index.php\/wp-json\/wp\/v2\/comments?post=59371"}],"version-history":[{"count":1,"href":"https:\/\/www.actualidadadiario.com\/index.php\/wp-json\/wp\/v2\/posts\/59371\/revisions"}],"predecessor-version":[{"id":59373,"href":"https:\/\/www.actualidadadiario.com\/index.php\/wp-json\/wp\/v2\/posts\/59371\/revisions\/59373"}],"wp:featuredmedia":[{"embeddable":true,"href":"https:\/\/www.actualidadadiario.com\/index.php\/wp-json\/wp\/v2\/media\/59372"}],"wp:attachment":[{"href":"https:\/\/www.actualidadadiario.com\/index.php\/wp-json\/wp\/v2\/media?parent=59371"}],"wp:term":[{"taxonomy":"category","embeddable":true,"href":"https:\/\/www.actualidadadiario.com\/index.php\/wp-json\/wp\/v2\/categories?post=59371"},{"taxonomy":"post_tag","embeddable":true,"href":"https:\/\/www.actualidadadiario.com\/index.php\/wp-json\/wp\/v2\/tags?post=59371"}],"curies":[{"name":"wp","href":"https:\/\/api.w.org\/{rel}","templated":true}]}}