{"id":59365,"date":"2020-03-24T13:39:56","date_gmt":"2020-03-24T16:39:56","guid":{"rendered":"https:\/\/www.actualidadadiario.com\/?p=59365"},"modified":"2020-03-24T13:39:56","modified_gmt":"2020-03-24T16:39:56","slug":"mark-zuckerberg-alerta-porque-se-duplicaron-las-llamadas-por-whatsapp","status":"publish","type":"post","link":"https:\/\/www.actualidadadiario.com\/index.php\/2020\/03\/24\/mark-zuckerberg-alerta-porque-se-duplicaron-las-llamadas-por-whatsapp\/","title":{"rendered":"Mark Zuckerberg alerta porque se duplicaron las llamadas por WhatsApp"},"content":{"rendered":"<p style=\"text-align: center;\"><em><strong>El fundador de Facebook advirti\u00f3 que hay que asegurarse de tener una estructura por encima de esta situaci\u00f3n &#8220;para continuar ofreciendo el nivel de servicio que necesitan las personas en este momento&#8221;<\/strong><\/em><\/p>\n<p>&nbsp;<\/p>\n<p>Mark Zuckerberg, fundador de Facebook, afirm\u00f3 que las llamadas por WhatsApp se duplicaron como consecuencia del coronavirus al tiempo que advirti\u00f3 que hay que asegurarse de tener una estructura por encima de esta situaci\u00f3n &#8220;para continuar ofreciendo el nivel de servicio que necesitan las personas en este momento&#8221;.<\/p>\n<p>&#8220;Las llamadas vocales y en video en WhatsApp se duplicaron, m\u00e1s all\u00e1 del tradicional pico anual que tiene la aplicaci\u00f3n en A\u00f1o Nuevo&#8221;, asegur\u00f3 el empresario.<\/p>\n<p>Seg\u00fan Zuckerberg, por el momento la situaci\u00f3n &#8220;no est\u00e1 fuera de control&#8221; pero hay que asegurarse de tener una estructura por encima de esta situaci\u00f3n &#8220;para poder continuar proveyendo el nivel de servicio que se necesita en este momento&#8221;, inform\u00f3 hoy la agencia Ansa.<\/p>\n<p>&#8220;En t\u00e9rminos de estad\u00edsticas, encontramos niveles de utilizaci\u00f3n muy elevados en todos los pa\u00edses que est\u00e1n siendo afectados por el Covid-19&#8221;, agreg\u00f3 y destac\u00f3 que, adem\u00e1s de WhatsApp, tambi\u00e9n se est\u00e1 registrando un crecimiento del tr\u00e1fico en el Facebook Messenger.<\/p>\n<p>En la Argentina, el Ente Nacional de Comunicaciones (Enacom) recomend\u00f3 el domingo 22 de marzo el &#8220;uso responsable de internet&#8221; durante el per\u00edodo de aislamiento social, preventivo y obligatorio al remarcar que se trata de &#8220;una herramienta esencial&#8221; que permite &#8220;trabajar, estudiar y mantenernos conectados e informados&#8221;.<\/p>\n","protected":false},"excerpt":{"rendered":"<p>El fundador de Facebook advirti\u00f3 que hay que asegurarse de tener una estructura por encima de esta situaci\u00f3n &#8220;para continuar ofreciendo el nivel de servicio que necesitan las personas en este momento&#8221; &nbsp; Mark Zuckerberg, fundador de Facebook, afirm\u00f3 que las llamadas por WhatsApp se duplicaron como consecuencia del coronavirus al tiempo que advirti\u00f3 que hay que asegurarse de tener una estructura por encima de esta situaci\u00f3n &#8220;para continuar ofreciendo el nivel de servicio que necesitan las personas en este momento&#8221;. &#8220;Las llamadas vocales y en video en WhatsApp se&#8230;<\/p>\n","protected":false},"author":3,"featured_media":59366,"comment_status":"closed","ping_status":"closed","sticky":false,"template":"","format":"standard","meta":[],"categories":[4],"tags":[],"_links":{"self":[{"href":"https:\/\/www.actualidadadiario.com\/index.php\/wp-json\/wp\/v2\/posts\/59365"}],"collection":[{"href":"https:\/\/www.actualidadadiario.com\/index.php\/wp-json\/wp\/v2\/posts"}],"about":[{"href":"https:\/\/www.actualidadadiario.com\/index.php\/wp-json\/wp\/v2\/types\/post"}],"author":[{"embeddable":true,"href":"https:\/\/www.actualidadadiario.com\/index.php\/wp-json\/wp\/v2\/users\/3"}],"replies":[{"embeddable":true,"href":"https:\/\/www.actualidadadiario.com\/index.php\/wp-json\/wp\/v2\/comments?post=59365"}],"version-history":[{"count":1,"href":"https:\/\/www.actualidadadiario.com\/index.php\/wp-json\/wp\/v2\/posts\/59365\/revisions"}],"predecessor-version":[{"id":59367,"href":"https:\/\/www.actualidadadiario.com\/index.php\/wp-json\/wp\/v2\/posts\/59365\/revisions\/59367"}],"wp:featuredmedia":[{"embeddable":true,"href":"https:\/\/www.actualidadadiario.com\/index.php\/wp-json\/wp\/v2\/media\/59366"}],"wp:attachment":[{"href":"https:\/\/www.actualidadadiario.com\/index.php\/wp-json\/wp\/v2\/media?parent=59365"}],"wp:term":[{"taxonomy":"category","embeddable":true,"href":"https:\/\/www.actualidadadiario.com\/index.php\/wp-json\/wp\/v2\/categories?post=59365"},{"taxonomy":"post_tag","embeddable":true,"href":"https:\/\/www.actualidadadiario.com\/index.php\/wp-json\/wp\/v2\/tags?post=59365"}],"curies":[{"name":"wp","href":"https:\/\/api.w.org\/{rel}","templated":true}]}}