{"id":59362,"date":"2020-03-24T13:38:23","date_gmt":"2020-03-24T16:38:23","guid":{"rendered":"https:\/\/www.actualidadadiario.com\/?p=59362"},"modified":"2020-03-24T13:38:23","modified_gmt":"2020-03-24T16:38:23","slug":"bolsonaro-dio-marcha-atras-anulo-la-autorizacion-a-no-pagar-sueldos-por-cuatro-meses","status":"publish","type":"post","link":"https:\/\/www.actualidadadiario.com\/index.php\/2020\/03\/24\/bolsonaro-dio-marcha-atras-anulo-la-autorizacion-a-no-pagar-sueldos-por-cuatro-meses\/","title":{"rendered":"Bolsonaro dio marcha atr\u00e1s: anul\u00f3 la autorizaci\u00f3n a no pagar sueldos por cuatro meses"},"content":{"rendered":"<p style=\"text-align: center;\"><em><strong>El presidente de Brasil hab\u00eda justificado la medida al sostener que por la pandemia los empleos est\u00e1n siendo exterminados<\/strong><\/em><\/p>\n<p>&nbsp;<\/p>\n<p>El presidente de Brasil, Jair Bolsonaro, anunci\u00f3 hoy en las redes sociales que revoc\u00f3 el art\u00edculo de su decreto sobre flexibilizaci\u00f3n laboral emitido durante la pandemia del coronavirus que permit\u00eda a las empresas dejar de pagar cuatro meses de salarios, en medio de la ola de indignaci\u00f3n que la disposici\u00f3n hab\u00eda generado en el Congreso, la oposici\u00f3n y el Poder Judicial.<\/p>\n<p>Bolsonaro convoc\u00f3 a una videoconferencia con el ministro de Econom\u00eda, Paulo Guedes, para revisar la medida, que estuvo en vigor desde el domingo a la noche hasta este mediod\u00eda.<\/p>\n<p>El presidente de la C\u00e1mara de Diputados, Rodrigo Maia, del partido derechista Dem\u00f3cratas, afirm\u00f3 que el art\u00edculo en cuesti\u00f3n gener\u00f3 &#8220;p\u00e1nico en la sociedad&#8221; y propuso trabajar con el Poder Ejecutivo para consensuar normas de protecci\u00f3n de los empleos ante la &#8220;coronacrisis&#8221;.<\/p>\n<p>Bolsonaro hab\u00eda defendido la medida a la ma\u00f1ana con el argumento que &#8220;es mejor que ser despedido&#8221; y que &#8220;los empleos est\u00e1n siendo exterminados&#8221; con la pandemia del coronavirus.<\/p>\n<p>A pedido de un grupo de empresarios amigos que los respaldan en las redes sociales, Bolsonaro hab\u00eda firmado un decreto provisorio que incluye tambi\u00e9n la anticipaci\u00f3n forzada de vacaciones, francos compensatorios y suspensi\u00f3n de las obligaciones de las empresas en cuesti\u00f3n de salubridad.<\/p>\n","protected":false},"excerpt":{"rendered":"<p>El presidente de Brasil hab\u00eda justificado la medida al sostener que por la pandemia los empleos est\u00e1n siendo exterminados &nbsp; El presidente de Brasil, Jair Bolsonaro, anunci\u00f3 hoy en las redes sociales que revoc\u00f3 el art\u00edculo de su decreto sobre flexibilizaci\u00f3n laboral emitido durante la pandemia del coronavirus que permit\u00eda a las empresas dejar de pagar cuatro meses de salarios, en medio de la ola de indignaci\u00f3n que la disposici\u00f3n hab\u00eda generado en el Congreso, la oposici\u00f3n y el Poder Judicial. Bolsonaro convoc\u00f3 a una videoconferencia con el ministro de&#8230;<\/p>\n","protected":false},"author":3,"featured_media":59363,"comment_status":"closed","ping_status":"closed","sticky":false,"template":"","format":"standard","meta":[],"categories":[4],"tags":[],"_links":{"self":[{"href":"https:\/\/www.actualidadadiario.com\/index.php\/wp-json\/wp\/v2\/posts\/59362"}],"collection":[{"href":"https:\/\/www.actualidadadiario.com\/index.php\/wp-json\/wp\/v2\/posts"}],"about":[{"href":"https:\/\/www.actualidadadiario.com\/index.php\/wp-json\/wp\/v2\/types\/post"}],"author":[{"embeddable":true,"href":"https:\/\/www.actualidadadiario.com\/index.php\/wp-json\/wp\/v2\/users\/3"}],"replies":[{"embeddable":true,"href":"https:\/\/www.actualidadadiario.com\/index.php\/wp-json\/wp\/v2\/comments?post=59362"}],"version-history":[{"count":1,"href":"https:\/\/www.actualidadadiario.com\/index.php\/wp-json\/wp\/v2\/posts\/59362\/revisions"}],"predecessor-version":[{"id":59364,"href":"https:\/\/www.actualidadadiario.com\/index.php\/wp-json\/wp\/v2\/posts\/59362\/revisions\/59364"}],"wp:featuredmedia":[{"embeddable":true,"href":"https:\/\/www.actualidadadiario.com\/index.php\/wp-json\/wp\/v2\/media\/59363"}],"wp:attachment":[{"href":"https:\/\/www.actualidadadiario.com\/index.php\/wp-json\/wp\/v2\/media?parent=59362"}],"wp:term":[{"taxonomy":"category","embeddable":true,"href":"https:\/\/www.actualidadadiario.com\/index.php\/wp-json\/wp\/v2\/categories?post=59362"},{"taxonomy":"post_tag","embeddable":true,"href":"https:\/\/www.actualidadadiario.com\/index.php\/wp-json\/wp\/v2\/tags?post=59362"}],"curies":[{"name":"wp","href":"https:\/\/api.w.org\/{rel}","templated":true}]}}