{"id":59356,"date":"2020-03-24T13:35:52","date_gmt":"2020-03-24T16:35:52","guid":{"rendered":"https:\/\/www.actualidadadiario.com\/?p=59356"},"modified":"2020-03-24T13:35:52","modified_gmt":"2020-03-24T16:35:52","slug":"guzman-planteo-ante-el-g20-cinco-principios-para-enfrentar-globalmente-la-crisis-del-coronavirus","status":"publish","type":"post","link":"https:\/\/www.actualidadadiario.com\/index.php\/2020\/03\/24\/guzman-planteo-ante-el-g20-cinco-principios-para-enfrentar-globalmente-la-crisis-del-coronavirus\/","title":{"rendered":"Guzm\u00e1n plante\u00f3 ante el G20 cinco principios para enfrentar globalmente la crisis del coronavirus"},"content":{"rendered":"<p style=\"text-align: center;\"><em><strong>El ministro de Econom\u00eda de la Naci\u00f3n, Mart\u00edn Guzm\u00e1n, particip\u00f3 de una reuni\u00f3n extraordinaria por videoconferencia con sus pares del G20. El encuentro virtual fue organizado para debatir sobre la crisis que ha generado la pandemia de coronavirus. El funcionario aprovech\u00f3 la oportunidad para pedir que se profundicen \u201clos esfuerzos de coordinaci\u00f3n y cooperaci\u00f3n global para preservar la estabilidad social\u201d<\/strong><\/em><\/p>\n<p>&nbsp;<\/p>\n<p>Por medio de un comunicado, el dirigente inform\u00f3 sobre su teleconferencia con los ministros de Finanzas y presidentes de Bancos Centrales del G20. Seg\u00fan explic\u00f3 en texto, comparti\u00f3 con sus pares soluciones para enfrentar los efectos del COVID-19. Los referentes acordaron desarrollar un plan de acci\u00f3n conjunto con medidas econ\u00f3micas destinadas a combatir las consecuencias econ\u00f3micas.<\/p>\n<p>\u201cLa econom\u00eda global de mercado no estaba preparada para lidiar con las consecuencias del COVID-19\u201c, asegur\u00f3 Guzm\u00e1n. \u201cEn el frente econ\u00f3mico, lo que enfrentamos hoy es mucho m\u00e1s complejo que un problema de demanda. No podemos ni debemos enfrentar este shock solamente con medidas de est\u00edmulo est\u00e1ndar. La raz\u00f3n por la cual la gente no puede ir a trabajar es porque necesitamos reducir la circulaci\u00f3n para evitar la diseminaci\u00f3n del virus\u201d, sostuvo.<\/p>\n<p>El ministro de Econom\u00eda identific\u00f3 ante sus colegas del G20 tres formas de enfrentar la crisis. En primer lugar, realizar transferencias de dinero. En segundo, proteger las fuentes laborales otorgando subsidios al trabajo en los sectores m\u00e1s afectados. Por \u00faltimo, extender los seguros de desempleo. Por otra parte, asegur\u00f3 que \u201cla Argentina est\u00e1 lista para ayudar al mundo a navegar a trav\u00e9s de estos tiempos dif\u00edciles\u201d. Podremos enfrentar esta crisis si actuamos juntos con decisi\u00f3n\u201d, a\u00f1adi\u00f3.<\/p>\n<p>&nbsp;<\/p>\n<p><strong>\u00bfC\u00f3mo debe responder el mundo a la crisis?<\/strong><\/p>\n<p>Guzm\u00e1n postul\u00f3 en la reuni\u00f3n del G20 que la respuesta global a la crisis econ\u00f3mica que gener\u00f3 el coronavirus debe basarse en cinco principios:<\/p>\n<p>La salud es la prioridad n\u00famero uno, ya que se trata de un bien p\u00fablico global. Para salvaguardarla, se debe reducir la circulaci\u00f3n de personas y bienes. \u201cEllo, por supuesto, reduce la actividad econ\u00f3mica\u201d, reconoci\u00f3 el ministro. \u201cConsecuentemente, debemos tomar medidas para garantizar el suministro de bienes y servicios esenciales\u201d, agreg\u00f3.<\/p>\n<p>El Estado debe proteger a quienes queden en una situaci\u00f3n de vulnerabilidad. \u201cCambios en la composici\u00f3n de demanda, sin intervenciones de pol\u00edticas, llevan a situaciones desesperadas para muchos. Debemos actuar con decisi\u00f3n para evitar un colapso social\u201d, plante\u00f3.<\/p>\n<p>Las pol\u00edticas deben preservar el capital de las organizaciones, es decir, el conocimiento propio de las empresas en actividad. Al respecto, Guzm\u00e1n aclar\u00f3 que \u201cesto es diferente de proteger ganancias o a los accionistas\u201d. \u201cLa forma en que manejemos esta cuesti\u00f3n ser\u00e1 cr\u00edtica para evitar la profundizaci\u00f3n de las desigualdades que tanto da\u00f1o le han hecho al mundo\u201d, advirti\u00f3.<\/p>\n<p>La investigaci\u00f3n para lidiar con la crisis generada por el coronavirus debe ser un bien p\u00fablico global. Seg\u00fan el ministro, el conocimiento m\u00e9dico y cient\u00edfico debe estar disponible globalmente a precios asequibles.<\/p>\n<p>La caja completa de herramientas de pol\u00edticas econ\u00f3micas tiene que utilizarse para proveer liquidez global. \u201cPor ejemplo: deber\u00eda haber extensiones de los swaps bilaterales (canjes bilaterales de monedas) con las econom\u00edas m\u00e1s avanzadas, as\u00ed como incrementos de los Derechos Especiales de Giro del Fondo Monetario Internacional\u201c, plante\u00f3 Guzm\u00e1n.<\/p>\n","protected":false},"excerpt":{"rendered":"<p>El ministro de Econom\u00eda de la Naci\u00f3n, Mart\u00edn Guzm\u00e1n, particip\u00f3 de una reuni\u00f3n extraordinaria por videoconferencia con sus pares del G20. El encuentro virtual fue organizado para debatir sobre la crisis que ha generado la pandemia de coronavirus. El funcionario aprovech\u00f3 la oportunidad para pedir que se profundicen \u201clos esfuerzos de coordinaci\u00f3n y cooperaci\u00f3n global para preservar la estabilidad social\u201d &nbsp; Por medio de un comunicado, el dirigente inform\u00f3 sobre su teleconferencia con los ministros de Finanzas y presidentes de Bancos Centrales del G20. Seg\u00fan explic\u00f3 en texto, comparti\u00f3 con&#8230;<\/p>\n","protected":false},"author":3,"featured_media":59357,"comment_status":"closed","ping_status":"closed","sticky":false,"template":"","format":"standard","meta":[],"categories":[18],"tags":[],"_links":{"self":[{"href":"https:\/\/www.actualidadadiario.com\/index.php\/wp-json\/wp\/v2\/posts\/59356"}],"collection":[{"href":"https:\/\/www.actualidadadiario.com\/index.php\/wp-json\/wp\/v2\/posts"}],"about":[{"href":"https:\/\/www.actualidadadiario.com\/index.php\/wp-json\/wp\/v2\/types\/post"}],"author":[{"embeddable":true,"href":"https:\/\/www.actualidadadiario.com\/index.php\/wp-json\/wp\/v2\/users\/3"}],"replies":[{"embeddable":true,"href":"https:\/\/www.actualidadadiario.com\/index.php\/wp-json\/wp\/v2\/comments?post=59356"}],"version-history":[{"count":1,"href":"https:\/\/www.actualidadadiario.com\/index.php\/wp-json\/wp\/v2\/posts\/59356\/revisions"}],"predecessor-version":[{"id":59358,"href":"https:\/\/www.actualidadadiario.com\/index.php\/wp-json\/wp\/v2\/posts\/59356\/revisions\/59358"}],"wp:featuredmedia":[{"embeddable":true,"href":"https:\/\/www.actualidadadiario.com\/index.php\/wp-json\/wp\/v2\/media\/59357"}],"wp:attachment":[{"href":"https:\/\/www.actualidadadiario.com\/index.php\/wp-json\/wp\/v2\/media?parent=59356"}],"wp:term":[{"taxonomy":"category","embeddable":true,"href":"https:\/\/www.actualidadadiario.com\/index.php\/wp-json\/wp\/v2\/categories?post=59356"},{"taxonomy":"post_tag","embeddable":true,"href":"https:\/\/www.actualidadadiario.com\/index.php\/wp-json\/wp\/v2\/tags?post=59356"}],"curies":[{"name":"wp","href":"https:\/\/api.w.org\/{rel}","templated":true}]}}