{"id":59353,"date":"2020-03-24T13:34:51","date_gmt":"2020-03-24T16:34:51","guid":{"rendered":"https:\/\/www.actualidadadiario.com\/?p=59353"},"modified":"2020-03-24T13:34:51","modified_gmt":"2020-03-24T16:34:51","slug":"alberto-tiene-como-prioridad-que-nadie-pase-hambre-y-volvio-a-descartar-el-estado-de-sitio","status":"publish","type":"post","link":"https:\/\/www.actualidadadiario.com\/index.php\/2020\/03\/24\/alberto-tiene-como-prioridad-que-nadie-pase-hambre-y-volvio-a-descartar-el-estado-de-sitio\/","title":{"rendered":"Alberto tiene como prioridad que &#8220;nadie pase hambre&#8221; y volvi\u00f3 a descartar el estado de sitio"},"content":{"rendered":"<p style=\"text-align: center;\"><em><strong>&#8220;No tiene ning\u00fan sentido el estado de sitio, con que se haga lo que se tiene que hacer alcanza. Necesito que (los infractores) est\u00e9n a disposici\u00f3n de un juez, que respondan a un juez&#8221;, remarc\u00f3 el jefe de Estado<\/strong><\/em><\/p>\n<p>&nbsp;<\/p>\n<p>&nbsp;<\/p>\n<p>El presidente Alberto Fern\u00e1ndez afirm\u00f3 este lunes que recibi\u00f3 el &#8220;compromiso muy fuerte&#8221; de los intendentes bonaerenses para combatir el coronavirus y asegur\u00f3 que su gobierno dispuso medidas para que &#8220;ninguna persona pase hambre&#8221; en el aislamiento social, a la vez que advirti\u00f3 que quienes piden el estado de sitio &#8220;no quieren asumir sus responsabilidades&#8221;.<\/p>\n<p>Adem\u00e1s, acerca de la posibilidad de prorrogar las restricciones, Fern\u00e1ndez .quien ayer hab\u00eda dijo que &#8220;no le va a temblar el pulso&#8221; para extenderlo de ser necesario, sostuvo que &#8220;hay que ser muy cauto&#8221; porque se trata de un proceso &#8220;muy din\u00e1mico&#8221;.<\/p>\n<p>El jefe de Estado dijo en una entrevista por Radio Nacional que pidi\u00f3 este lunes a los intendentes de la Primera y la Tercera secciones electorales de la provincia de Buenos Aires (norte y sur del conurbano, respectivamente) que lo ayuden a controlar el aislamiento social y los precios m\u00e1ximos de los art\u00edculos de consumo masivo.<\/p>\n<p>Reclam\u00f3 a los jefes comunales que todos sean &#8220;absolutamente estrictos&#8221; en sus distritos.<\/p>\n<p>En ese sentido destac\u00f3 el &#8220;compromiso muy fuerte&#8221; de los jefes comunales oficialistas y opositores y lament\u00f3 que siga habiendo &#8220;sinverg\u00fbenzas que se aprovechan de la situaci\u00f3n de crisis para hacer su propio negocio y ganar dinero a costa de quien lo necesita&#8221;.<\/p>\n<p>&#8220;Si nos quedamos en casa, las posibilidades de contagio disminuyen; si el virus no se potencia, si no se multiplica exponencialmente, podemos tener un sistema de salud que haga frente al problema&#8221;, destac\u00f3 el presiente.<\/p>\n<p>Reiter\u00f3 que decidi\u00f3 priorizar la &#8220;salud por sobre la econom\u00eda&#8221; y ratific\u00f3 que se dispusieron medidas para auxiliar a los sectores m\u00e1s desprotegidos y afectados por la retracci\u00f3n econ\u00f3mica que provoca la situaci\u00f3n de pandemia.<\/p>\n<p>En ese marco, resalt\u00f3 que el pa\u00eds est\u00e1 en materia de deuda externa en una &#8220;situaci\u00f3n m\u00e1s c\u00f3moda&#8221; en la negociaci\u00f3n con los acreedores privados y permite destinar mayores recursos para que la &#8220;Argentina crezca&#8221;, en alusi\u00f3n a la recomendaciones el FMI para lograr una fuerte quita y plazos de gracia en la renegociaci\u00f3n de la deuda con los bonistas.<\/p>\n<p>Advirti\u00f3 que una de sus mayores preocupaciones en estos momentos es que &#8220;ninguna persona pase hambre, que todos tengan recursos para estar tranquilos en sus casas y que la econom\u00eda no se paralice totalmente&#8221;.<\/p>\n<p>En ese punto destac\u00f3 el mantenimiento de actividades esenciales para la provisi\u00f3n de alimentos, medicamentos y servicios de salud y la garant\u00eda de que no haya desabastecimiento.<\/p>\n<p>Enfatiz\u00f3 que &#8220;se va a actuar severamente&#8221;, siguiendo con la aplicaci\u00f3n de las &#8220;normas penales&#8221;, a quienes no cumplan con las restricciones.<\/p>\n<p>&#8220;Lo primero que debemos tener presente es la necesidad de entender que estamos en situaci\u00f3n muy delicada, que el mundo afronta una pandemia que causa estragos en todo el mundo&#8221;, afirm\u00f3.<\/p>\n<p>El mandatario volvi\u00f3 a remarcar la ventaja de contar con las experiencias de otros pa\u00edses para tomar las medidas de prevenci\u00f3n y asistencia y destac\u00f3 que &#8220;estamos organizando el sistema de salud para hacer frente y que el contagio sea m\u00e1s lento para tener posibilidad de ser atendidos&#8221;.<\/p>\n<p>&#8220;Vinieron los intendentes de la Primera y la Tercera secci\u00f3n electoral ante la necesidad de relevar camas, enfermeras, m\u00e9dicos, cu\u00e1nto hay en cada municipio y confirmarlo con ellos y pedirles que se involucren como los gobiernos de la Ciudad de Buenos Aires y de la provincia de Buenos Aires&#8221;, abund\u00f3.<\/p>\n<p>&#8220;Les cont\u00e9 las dificultades, les ped\u00ed que me ayuden a controlar la cuarentena, que seamos absolutamente estrictos en el cumplimiento y que me ayuden a controlar los precios, porque sigue habiendo sinverg\u00fcenzas que aprovechan la situaci\u00f3n de crisis para hacer sus propio negocio y ganar dinero a costa de quien necesita. Aumentar los precios sin raz\u00f3n es algo vergonzoso&#8221;, recalc\u00f3.<\/p>\n<p>Tambi\u00e9n revel\u00f3 que los alcaldes pidieron que &#8220;el Estado nacional apoye a las intendencias para que no se pierda la din\u00e1mica de desarrollo propio. Piden auxilio del Estado porque claramente lo necesitan&#8221;.<\/p>\n<p>En ese marco, revel\u00f3 que &#8220;hablamos de aliviar cierta presi\u00f3n fiscal a la hora de la obra p\u00fablica y de pagar servicios de recolecci\u00f3n de basura&#8221;, entre otros aspectos.<\/p>\n<p>Al descartar nuevamente la aplicaci\u00f3n del estado de sitio se\u00f1al\u00f3 que &#8220;nada impide que con las normas que existen, los gobernadores, la Polic\u00eda Federal y la polic\u00eda provincial detengan a personas que est\u00e1n violando la cuarentena y causan un delito que favorece la epidemia contrariando las normas&#8221;.<\/p>\n<p>Y dijo que &#8220;garantizarnos que vamos a actuar severamente con la cuarentena, tenemos normas penales para perseguirlos, no es un tema complicado&#8221;.<\/p>\n<p>&#8220;Cada vez que me hablan de estado de sitio pregunto para qu\u00e9 lo necesitan si se puede hacer esto en estado de Derecho. Piden estado de sitio quienes no quieren asumir la responsabilidad que tienen, La responsabilidad nuestra es detenerlos y ponerlos a disposici\u00f3n de la justicia&#8221;, puntualiz\u00f3.<\/p>\n<p>En materia econ\u00f3mica reiter\u00f3 que &#8220;la disyuntiva es &#8216;cuido la econom\u00eda o la vida&#8217;, y quienes cuidaron la econom\u00eda hicieron un estrago en sus pueblos. Y ante este dilema elijo la vida. Se frenan los ingresos y todos nos empobrecemos un poco, pero cuidamos la vida&#8221;.<\/p>\n<p>El Presidente remarc\u00f3 la disposici\u00f3n de subsidios para pymes, los programas REPRO, subsidio de desempleo, auxilio a la gente que no tiene ayuda del estado y aumento de la Asignaci\u00f3n Universal por Hijo y en las jubilaciones.<\/p>\n<p>Tambi\u00e9n dijo que en el mundo &#8220;hay como una religi\u00f3n de la importancia del Estado, y estamos haciendo frente al problema con la l\u00f3gica de que el Estado preserve a los que peor est\u00e1n, pus para ordenar la econom\u00eda tenemos tiempo&#8221;.<\/p>\n<p>&#8220;Por qu\u00e9 Alemania no tiene ninguna muerte? Tiene un sistema de salud con el Estado presente, con 25 mil respiradores para los alemanes. Eso no pasa en Italia o Espa\u00f1a y en Estados Unidos hab\u00eda un plan de salud de (el ex presidente Barack) Obama para sectores m\u00e1s d\u00e9biles y vino el actual presidente y cort\u00f3 eso&#8221;, complet\u00f3.<\/p>\n","protected":false},"excerpt":{"rendered":"<p>&#8220;No tiene ning\u00fan sentido el estado de sitio, con que se haga lo que se tiene que hacer alcanza. Necesito que (los infractores) est\u00e9n a disposici\u00f3n de un juez, que respondan a un juez&#8221;, remarc\u00f3 el jefe de Estado &nbsp; &nbsp; El presidente Alberto Fern\u00e1ndez afirm\u00f3 este lunes que recibi\u00f3 el &#8220;compromiso muy fuerte&#8221; de los intendentes bonaerenses para combatir el coronavirus y asegur\u00f3 que su gobierno dispuso medidas para que &#8220;ninguna persona pase hambre&#8221; en el aislamiento social, a la vez que advirti\u00f3 que quienes piden el estado de&#8230;<\/p>\n","protected":false},"author":3,"featured_media":59354,"comment_status":"closed","ping_status":"closed","sticky":false,"template":"","format":"standard","meta":[],"categories":[18],"tags":[],"_links":{"self":[{"href":"https:\/\/www.actualidadadiario.com\/index.php\/wp-json\/wp\/v2\/posts\/59353"}],"collection":[{"href":"https:\/\/www.actualidadadiario.com\/index.php\/wp-json\/wp\/v2\/posts"}],"about":[{"href":"https:\/\/www.actualidadadiario.com\/index.php\/wp-json\/wp\/v2\/types\/post"}],"author":[{"embeddable":true,"href":"https:\/\/www.actualidadadiario.com\/index.php\/wp-json\/wp\/v2\/users\/3"}],"replies":[{"embeddable":true,"href":"https:\/\/www.actualidadadiario.com\/index.php\/wp-json\/wp\/v2\/comments?post=59353"}],"version-history":[{"count":1,"href":"https:\/\/www.actualidadadiario.com\/index.php\/wp-json\/wp\/v2\/posts\/59353\/revisions"}],"predecessor-version":[{"id":59355,"href":"https:\/\/www.actualidadadiario.com\/index.php\/wp-json\/wp\/v2\/posts\/59353\/revisions\/59355"}],"wp:featuredmedia":[{"embeddable":true,"href":"https:\/\/www.actualidadadiario.com\/index.php\/wp-json\/wp\/v2\/media\/59354"}],"wp:attachment":[{"href":"https:\/\/www.actualidadadiario.com\/index.php\/wp-json\/wp\/v2\/media?parent=59353"}],"wp:term":[{"taxonomy":"category","embeddable":true,"href":"https:\/\/www.actualidadadiario.com\/index.php\/wp-json\/wp\/v2\/categories?post=59353"},{"taxonomy":"post_tag","embeddable":true,"href":"https:\/\/www.actualidadadiario.com\/index.php\/wp-json\/wp\/v2\/tags?post=59353"}],"curies":[{"name":"wp","href":"https:\/\/api.w.org\/{rel}","templated":true}]}}