{"id":59347,"date":"2020-03-24T13:32:54","date_gmt":"2020-03-24T16:32:54","guid":{"rendered":"https:\/\/www.actualidadadiario.com\/?p=59347"},"modified":"2020-03-24T13:32:54","modified_gmt":"2020-03-24T16:32:54","slug":"el-congreso-a-la-espera-de-una-convocatoria-del-ejecutivo-a-sesionar","status":"publish","type":"post","link":"https:\/\/www.actualidadadiario.com\/index.php\/2020\/03\/24\/el-congreso-a-la-espera-de-una-convocatoria-del-ejecutivo-a-sesionar\/","title":{"rendered":"El Congreso, a la espera de una convocatoria del Ejecutivo a sesionar"},"content":{"rendered":"<p style=\"text-align: center;\"><em><strong>En medio del aislamiento social preventivo y obligatorio, el presidente de la C\u00e1mara de Diputados, Sergio Massa, y los jefes de los bloques parlamentarios se comunicaron por videoconferencia para hacer un seguimiento de la situaci\u00f3n de la pandemia en la Argentina. Desde el oficialismo anticiparon a los referentes de la oposici\u00f3n que el Gobierno nacional eval\u00faa extender la cuarentena y dejaron abierta la puerta para una eventual sesi\u00f3n en caso de que el presidente Alberto Fern\u00e1ndez lo requiera en los pr\u00f3ximos d\u00edas<\/strong><\/em><\/p>\n<p>&nbsp;<\/p>\n<p>El horario para el encuentro virtual estaba fijado para las 15, sin embargo la comunicaci\u00f3n se retras\u00f3 dos horas debido a que Massa estaba reunido en la Quinta de Olivos con el jefe de Estado, el gobernador bonaerense, Axel Kicillof, y los intendentes del primero y segundo cord\u00f3n del conurbano para analizar el cumplimiento de la cuarentena y las primeras consecuencias econ\u00f3micas a ra\u00edz del cese de las diferentes actividades comerciales.<\/p>\n<p>En la segunda conversaci\u00f3n por videoconferencia, que dur\u00f3 cerca de dos horas, participaron el presidente del bloque de PRO, Cristian Ritondo; el macrista \u00c1lvaro Gonz\u00e1lez; el titular del interbloque Juntos por el Cambio, Mario Negri, el jefe de la bancada de la Coalici\u00f3n C\u00edvica- ARI, Maximiliano Ferraro; los legisladores Jos\u00e9 Luis Ram\u00f3n, de Unidad Federal para el Desarrollo; Alma Sapag, del Movimiento Popular Neuquino; Carlos Guti\u00e9rrez, de C\u00f3rdoba Federal; Nicol\u00e1s Del Ca\u00f1o, del PTS &#8211; Frente de Izquierda; y Romina Del Pl\u00e1, del Frente de Izquierda y de los Trabajadores. Por el oficialismo, estaban las diputadas Cristina \u00c1lvarez Rodr\u00edguez y Cecilia Moreau, adem\u00e1s de Massa.<\/p>\n<p>Al igual que la semana pasada, los dirigentes parlamentarios abordaron la problem\u00e1tica del coronavirus, las medidas implementadas hasta el momento por el Gobierno nacional y el actual escenario sanitario. Desde el bloque del Frente de Todos adelantaron que el presidente analiza prorrogar el aislamiento social preventivo y obligatorio, dispuesto hasta el 31 de marzo, a la vez que deslizaron que desde el Ejecutivo nacional podr\u00edan necesitar que el Congreso sesione en los pr\u00f3ximos d\u00edas por alg\u00fan tema puntual, vinculado a cuestiones econ\u00f3micas, seg\u00fan se\u00f1alaron fuentes parlamentarias.<\/p>\n<p>En la conversaci\u00f3n virtual, Massa anticip\u00f3 a la oposici\u00f3n que los ministros Mart\u00edn Guzm\u00e1n, de Econom\u00eda; y Claudio Moroni, de Trabajo; anunciar\u00edan el ingreso familiar de emergencia para monotributistas y trabajadores informales. Desde Juntos por el Cambio ven\u00edan pidiendo alg\u00fan tipo de ayuda para este sector. Esta vez, adem\u00e1s solicitaron que el Ejecutivo nacional designe un &#8220;enlace oficial&#8221; del ministerio de Salud y de Desarrollo Social con algunas comisiones espec\u00edficas para tener un canal de di\u00e1logo abierto sobre la evoluci\u00f3n sanitaria y de los programas sociales en medio de la pandemia. Tambi\u00e9n requirieron un nexo con Canciller\u00eda para intercambiar informaci\u00f3n sobre los argentinos varados en el exterior y pidieron que se suspendan los despidos en el PAMI y otras dependencias del Estado.<\/p>\n","protected":false},"excerpt":{"rendered":"<p>En medio del aislamiento social preventivo y obligatorio, el presidente de la C\u00e1mara de Diputados, Sergio Massa, y los jefes de los bloques parlamentarios se comunicaron por videoconferencia para hacer un seguimiento de la situaci\u00f3n de la pandemia en la Argentina. Desde el oficialismo anticiparon a los referentes de la oposici\u00f3n que el Gobierno nacional eval\u00faa extender la cuarentena y dejaron abierta la puerta para una eventual sesi\u00f3n en caso de que el presidente Alberto Fern\u00e1ndez lo requiera en los pr\u00f3ximos d\u00edas &nbsp; El horario para el encuentro virtual estaba&#8230;<\/p>\n","protected":false},"author":3,"featured_media":59348,"comment_status":"closed","ping_status":"closed","sticky":false,"template":"","format":"standard","meta":[],"categories":[18],"tags":[],"_links":{"self":[{"href":"https:\/\/www.actualidadadiario.com\/index.php\/wp-json\/wp\/v2\/posts\/59347"}],"collection":[{"href":"https:\/\/www.actualidadadiario.com\/index.php\/wp-json\/wp\/v2\/posts"}],"about":[{"href":"https:\/\/www.actualidadadiario.com\/index.php\/wp-json\/wp\/v2\/types\/post"}],"author":[{"embeddable":true,"href":"https:\/\/www.actualidadadiario.com\/index.php\/wp-json\/wp\/v2\/users\/3"}],"replies":[{"embeddable":true,"href":"https:\/\/www.actualidadadiario.com\/index.php\/wp-json\/wp\/v2\/comments?post=59347"}],"version-history":[{"count":1,"href":"https:\/\/www.actualidadadiario.com\/index.php\/wp-json\/wp\/v2\/posts\/59347\/revisions"}],"predecessor-version":[{"id":59349,"href":"https:\/\/www.actualidadadiario.com\/index.php\/wp-json\/wp\/v2\/posts\/59347\/revisions\/59349"}],"wp:featuredmedia":[{"embeddable":true,"href":"https:\/\/www.actualidadadiario.com\/index.php\/wp-json\/wp\/v2\/media\/59348"}],"wp:attachment":[{"href":"https:\/\/www.actualidadadiario.com\/index.php\/wp-json\/wp\/v2\/media?parent=59347"}],"wp:term":[{"taxonomy":"category","embeddable":true,"href":"https:\/\/www.actualidadadiario.com\/index.php\/wp-json\/wp\/v2\/categories?post=59347"},{"taxonomy":"post_tag","embeddable":true,"href":"https:\/\/www.actualidadadiario.com\/index.php\/wp-json\/wp\/v2\/tags?post=59347"}],"curies":[{"name":"wp","href":"https:\/\/api.w.org\/{rel}","templated":true}]}}