{"id":59341,"date":"2020-03-24T13:30:38","date_gmt":"2020-03-24T16:30:38","guid":{"rendered":"https:\/\/www.actualidadadiario.com\/?p=59341"},"modified":"2020-03-24T13:30:38","modified_gmt":"2020-03-24T16:30:38","slug":"el-aislamiento-nos-impide-marchar-pero-no-nos-impide-recordar","status":"publish","type":"post","link":"https:\/\/www.actualidadadiario.com\/index.php\/2020\/03\/24\/el-aislamiento-nos-impide-marchar-pero-no-nos-impide-recordar\/","title":{"rendered":"&#8220;El aislamiento nos impide marchar, pero no nos impide recordar&#8221;"},"content":{"rendered":"<p style=\"text-align: center;\"><em><strong>El mandatario envi\u00f3 un mensaje por Twitter acompa\u00f1ada por un video con im\u00e1genes de marchas de los organismos de derechos humanos, los rostros de detenidos-desaparecidos durante la dictadura c\u00edvica militar<\/strong><\/em><\/p>\n<p>&nbsp;<\/p>\n<p>El presidente Alberto Fern\u00e1ndez afirm\u00f3 hoy que el aislamiento preventivo y obligatorio para mitigar la propagaci\u00f3n del coronavirus &#8220;nos impide marchar&#8221; al cumplirse 44 a\u00f1os del golpe de Estado del 24 de marzo de 1976, pero &#8220;no nos impide recordar&#8221; y pidi\u00f3 que, desde las casas, se levanten &#8220;los pa\u00f1uelos por la memoria, la verdad y la justicia&#8221;.<\/p>\n<p>&#8220;El aislamiento preventivo y obligatorio nos impide marchar hoy para cuidarnos. Pero no nos impide recordar. Este 24 de marzo, desde nuestras casas, igual levantamos los pa\u00f1uelos por la memoria, la verdad y la justicia. Nunca m\u00e1s&#8221;, public\u00f3 el mandatario en su cuenta de Twitter, al conmemorarse hoy el D\u00eda Nacional de la Memoria por la Verdad y la Justicia.<\/p>\n<p>La publicaci\u00f3n del jefe de Estado est\u00e1 acompa\u00f1ada por un video con im\u00e1genes de marchas de los organismos de derechos humanos, los rostros de detenidos-desaparecidos durante la dictadura c\u00edvico militar y declaraciones de actores, funcionarios y personalidades de diferentes sectores.<\/p>\n<p>&#8220;El contexto actual no nos permite marchar, pero si nos permite recordar&#8221;, dice Taty Almeida, integrante de Madres de Plaza de Mayo- L\u00ednea Fundadora en el comienzo del video.<\/p>\n<p>&#8220;Hoy, 24 de marzo, a 44 a\u00f1os del golpe c\u00edvico militar, reiteramos nuestro reclamo de Memoria, Verdad y Justicia. Los autores materiales e intelectuales de estos delitos de lesa humanidad ser\u00e1n juzgados y condenados y encarcelados&#8221;, dicen -entre otros- el secretario de Derechos Humanos, Horacio Pietragalla; el ministro de Ambiente, Juan Cabandi\u00e9, la diputada Victoria Donda; los actores Leonardo Sbaraglia, Cristina Banegas y Julieta Ortega, la cheff Narda Lepes y el m\u00fasico Lito Nebbia.<\/p>\n<p>&#8220;Memoria para recordar el genocidio del terrorismo de Estado y el plan sistem\u00e1tico de exterminio llevado a cabo por la Fuerzas Armadas&#8221;, agregan en el video, que refleja -entre otras im\u00e1genes- la oportunidad en la que el ex presidente N\u00e9stor Kirchner orden\u00f3 retirar el cuadro del ex jefe del Ej\u00e9rcito Jorge Rafael Videla del Colegio Militar de la Naci\u00f3n.<\/p>\n<p>En el video, se pide adem\u00e1s &#8220;verdad, para que las Fuerzas Armadas terminen de una vez y para siempre con el secretismo, y se ordene la apertura de todos los archivos; y justicia para que todos los autores materiales e intelectuales de estos delitos de lesa humanidad sean juzgados, condenados y encarcelados&#8221;.<\/p>\n<p>&#8220;Este 24 de marzo no marchamos, pero como siempre gritamos: 30.000 detenidos-desaparecidos presentes, ahora y siempre. Nunca m\u00e1s&#8221;, finaliza el mensaje, con im\u00e1genes de madres y abuelas de Plaza de Mayo.<\/p>\n","protected":false},"excerpt":{"rendered":"<p>El mandatario envi\u00f3 un mensaje por Twitter acompa\u00f1ada por un video con im\u00e1genes de marchas de los organismos de derechos humanos, los rostros de detenidos-desaparecidos durante la dictadura c\u00edvica militar &nbsp; El presidente Alberto Fern\u00e1ndez afirm\u00f3 hoy que el aislamiento preventivo y obligatorio para mitigar la propagaci\u00f3n del coronavirus &#8220;nos impide marchar&#8221; al cumplirse 44 a\u00f1os del golpe de Estado del 24 de marzo de 1976, pero &#8220;no nos impide recordar&#8221; y pidi\u00f3 que, desde las casas, se levanten &#8220;los pa\u00f1uelos por la memoria, la verdad y la justicia&#8221;. &#8220;El&#8230;<\/p>\n","protected":false},"author":3,"featured_media":59342,"comment_status":"closed","ping_status":"closed","sticky":false,"template":"","format":"standard","meta":[],"categories":[9],"tags":[],"_links":{"self":[{"href":"https:\/\/www.actualidadadiario.com\/index.php\/wp-json\/wp\/v2\/posts\/59341"}],"collection":[{"href":"https:\/\/www.actualidadadiario.com\/index.php\/wp-json\/wp\/v2\/posts"}],"about":[{"href":"https:\/\/www.actualidadadiario.com\/index.php\/wp-json\/wp\/v2\/types\/post"}],"author":[{"embeddable":true,"href":"https:\/\/www.actualidadadiario.com\/index.php\/wp-json\/wp\/v2\/users\/3"}],"replies":[{"embeddable":true,"href":"https:\/\/www.actualidadadiario.com\/index.php\/wp-json\/wp\/v2\/comments?post=59341"}],"version-history":[{"count":1,"href":"https:\/\/www.actualidadadiario.com\/index.php\/wp-json\/wp\/v2\/posts\/59341\/revisions"}],"predecessor-version":[{"id":59343,"href":"https:\/\/www.actualidadadiario.com\/index.php\/wp-json\/wp\/v2\/posts\/59341\/revisions\/59343"}],"wp:featuredmedia":[{"embeddable":true,"href":"https:\/\/www.actualidadadiario.com\/index.php\/wp-json\/wp\/v2\/media\/59342"}],"wp:attachment":[{"href":"https:\/\/www.actualidadadiario.com\/index.php\/wp-json\/wp\/v2\/media?parent=59341"}],"wp:term":[{"taxonomy":"category","embeddable":true,"href":"https:\/\/www.actualidadadiario.com\/index.php\/wp-json\/wp\/v2\/categories?post=59341"},{"taxonomy":"post_tag","embeddable":true,"href":"https:\/\/www.actualidadadiario.com\/index.php\/wp-json\/wp\/v2\/tags?post=59341"}],"curies":[{"name":"wp","href":"https:\/\/api.w.org\/{rel}","templated":true}]}}