{"id":59335,"date":"2020-03-24T13:28:02","date_gmt":"2020-03-24T16:28:02","guid":{"rendered":"https:\/\/www.actualidadadiario.com\/?p=59335"},"modified":"2020-03-24T13:28:02","modified_gmt":"2020-03-24T16:28:02","slug":"provincias-buscan-blindar-seguridad-frente-a-pandemia","status":"publish","type":"post","link":"https:\/\/www.actualidadadiario.com\/index.php\/2020\/03\/24\/provincias-buscan-blindar-seguridad-frente-a-pandemia\/","title":{"rendered":"Provincias buscan blindar seguridad frente a pandemia"},"content":{"rendered":"<p style=\"text-align: center;\"><em><strong>Contra reloj, los gobernadores reorganizan las prioridades de las fuerzas policiales y algunos ya convocan a efectivos retirados. El salte\u00f1o Gustavo S\u00e1enz fue m\u00e1s all\u00e1: pidi\u00f3 a las FF.AA. en calles y frontera<\/strong><\/em><\/p>\n<p>&nbsp;<\/p>\n<p>&nbsp;<\/p>\n<p>Entre las urgencias multiplicadas que enfrentan los gobernadores por el coronavirus, escala d\u00eda a d\u00eda la preocupaci\u00f3n por reforzar la seguridad en las calles y en puntos estrat\u00e9gicos, tanto para potenciar los controles para el cumplimiento de la cuarentena obligatoria como para mantener a raya los episodios de inseguridad y para blindarse ante potenciales desbordes sociales producto de los coletazos de la pandemia.<\/p>\n<p>Las reacciones incluyen, entre otras medidas, la reorganizaci\u00f3n de prioridades de las fuerzas policiales provinciales, el llamado a efectivos retirados para encargarse de tareas administrativas y descomprimir a los uniformados activos, y hasta el pedido directo -en algunos distritos- de intervenci\u00f3n de las Fuerzas Armadas en los patrullajes.<\/p>\n<p>La Polic\u00eda de la Ciudad realiza controles para evaluar si los porte\u00f1os cumplen la cuarentena obligatoria.<\/p>\n<p>Este \u00faltimo caso es el del salte\u00f1o Gustavo S\u00e1enz, quien en un mensaje difundido en la noche del domingo pidi\u00f3 a Alberto Fern\u00e1ndez \u201cque autorice a las Fuerzas Armadas a que acompa\u00f1en los recursos humanos de las fuerzas de seguridad de las provincias, de Gendarmer\u00eda, de las fuerzas federales\u201d. Salta incluye el desaf\u00edo adicional de su frontera con Bolivia (tambi\u00e9n con Paraguay y Chile) y la existencia de \u201ccasi 30 pasos ilegales\u201d en Salvador Mazza.<\/p>\n<p>\u201cNecesitamos al Ej\u00e9rcito en las calles y la frontera, garantizando el no ingreso\u201d, remarc\u00f3 S\u00e1enz pensando en la cuarentena y en l\u00ednea dura, que se inscribe en la de otros mandatarios que bregan por la declaraci\u00f3n lisa y llana del estado de sitio.<\/p>\n<p>M\u00e1xima preocupaci\u00f3n tambi\u00e9n eman\u00f3 del encuentro que ayer tuvo como anfitri\u00f3n al Presidente en Olivos, y al gobernador Axel Kicillof y a intendentes del primer y segundo cord\u00f3n del Conurbano como invitados. All\u00ed acordaron reforzar los controles de seguridad.<\/p>\n<p>\u201cEstamos buscando que el despliegue de fuerzas de seguridad se pueda coordinar de la mejor manera posible, pudiendo hacer un uso lo m\u00e1s eficiente posible de los recursos sabiendo que es una situaci\u00f3n excepcional\u201d, dijo Kicillof. El tel\u00f3n de fondo: el temor de los intendentes a que estallen desbordes por el impacto social de las cuarentenas en los sectores m\u00e1s vulnerables, cuya contenci\u00f3n buscan reforzar.<\/p>\n<p>El monitoreo excede las fronteras bonaerenses. Por caso, en Misiones, la Polic\u00eda detuvo a dos j\u00f3venes de 18 a\u00f1os que supuestamente instaban, a trav\u00e9s de cuentas falsas, a saquear supermercados de Posadas y Garup\u00e1.<\/p>\n<p>En Catamarca, en tanto, el gobierno de Ra\u00fal Jalil convoc\u00f3 a polic\u00edas retirados para que se sumen de manera temporaria a la fuerza para desplegar tareas administrativas, y liberar as\u00ed a m\u00e1s uniformados para patrullar calles.<\/p>\n<p>Mientras tanto, los mandatarios eval\u00faan in situ el funcionamiento de los puestos destinados a controlar el cumplimiento de la cuarentena obligatoria.<\/p>\n<p>Con ese tel\u00f3n de fondo, ayer la ministra de Justicia y Derechos Humanos, Marcela Losardo, monitore\u00f3 el cumplimiento del aislamiento obligatorio en una teleconferencia con procuradores de 14 provincias. Contra reloj, los gobernadores reorganizan las prioridades de las fuerzas policiales y algunos ya convocan a efectivos retirados. El salte\u00f1o Gustavo S\u00e1enz fue m\u00e1s all\u00e1: pidi\u00f3 a las FF.AA. en calles y frontera.<\/p>\n","protected":false},"excerpt":{"rendered":"<p>Contra reloj, los gobernadores reorganizan las prioridades de las fuerzas policiales y algunos ya convocan a efectivos retirados. El salte\u00f1o Gustavo S\u00e1enz fue m\u00e1s all\u00e1: pidi\u00f3 a las FF.AA. en calles y frontera &nbsp; &nbsp; Entre las urgencias multiplicadas que enfrentan los gobernadores por el coronavirus, escala d\u00eda a d\u00eda la preocupaci\u00f3n por reforzar la seguridad en las calles y en puntos estrat\u00e9gicos, tanto para potenciar los controles para el cumplimiento de la cuarentena obligatoria como para mantener a raya los episodios de inseguridad y para blindarse ante potenciales desbordes&#8230;<\/p>\n","protected":false},"author":3,"featured_media":59336,"comment_status":"closed","ping_status":"closed","sticky":false,"template":"","format":"standard","meta":[],"categories":[2],"tags":[],"_links":{"self":[{"href":"https:\/\/www.actualidadadiario.com\/index.php\/wp-json\/wp\/v2\/posts\/59335"}],"collection":[{"href":"https:\/\/www.actualidadadiario.com\/index.php\/wp-json\/wp\/v2\/posts"}],"about":[{"href":"https:\/\/www.actualidadadiario.com\/index.php\/wp-json\/wp\/v2\/types\/post"}],"author":[{"embeddable":true,"href":"https:\/\/www.actualidadadiario.com\/index.php\/wp-json\/wp\/v2\/users\/3"}],"replies":[{"embeddable":true,"href":"https:\/\/www.actualidadadiario.com\/index.php\/wp-json\/wp\/v2\/comments?post=59335"}],"version-history":[{"count":1,"href":"https:\/\/www.actualidadadiario.com\/index.php\/wp-json\/wp\/v2\/posts\/59335\/revisions"}],"predecessor-version":[{"id":59337,"href":"https:\/\/www.actualidadadiario.com\/index.php\/wp-json\/wp\/v2\/posts\/59335\/revisions\/59337"}],"wp:featuredmedia":[{"embeddable":true,"href":"https:\/\/www.actualidadadiario.com\/index.php\/wp-json\/wp\/v2\/media\/59336"}],"wp:attachment":[{"href":"https:\/\/www.actualidadadiario.com\/index.php\/wp-json\/wp\/v2\/media?parent=59335"}],"wp:term":[{"taxonomy":"category","embeddable":true,"href":"https:\/\/www.actualidadadiario.com\/index.php\/wp-json\/wp\/v2\/categories?post=59335"},{"taxonomy":"post_tag","embeddable":true,"href":"https:\/\/www.actualidadadiario.com\/index.php\/wp-json\/wp\/v2\/tags?post=59335"}],"curies":[{"name":"wp","href":"https:\/\/api.w.org\/{rel}","templated":true}]}}