{"id":59332,"date":"2020-03-24T13:27:06","date_gmt":"2020-03-24T16:27:06","guid":{"rendered":"https:\/\/www.actualidadadiario.com\/?p=59332"},"modified":"2020-03-24T13:27:06","modified_gmt":"2020-03-24T16:27:06","slug":"como-se-cobraran-los-10-000-pesos-del-gobierno","status":"publish","type":"post","link":"https:\/\/www.actualidadadiario.com\/index.php\/2020\/03\/24\/como-se-cobraran-los-10-000-pesos-del-gobierno\/","title":{"rendered":"C\u00f3mo se cobrar\u00e1n los 10.000 pesos del Gobierno"},"content":{"rendered":"<p style=\"text-align: center;\"><em><strong>El ministro de Trabajo, Claudio Moroni, y el titular de la Anses, Alejandro Vanoli, indicaron qu\u00e9 tr\u00e1mites ser\u00e1n necesarios y cu\u00e1les no. C\u00f3mo se pagar\u00e1 a beneficiarios de AUH<\/strong><\/em><\/p>\n<p>&nbsp;<\/p>\n<p>&nbsp;<\/p>\n<p>El mercado interno, principalmente a trav\u00e9s de las ventas en supermercados y carnicer\u00edas, sostiene la actividad de la industria c\u00e1rnica, en tanto comenzaron a moverse nuevamente los negocios de exportaci\u00f3n a China, destac\u00f3 este lunes el Mercado Ganadero de Rosario, el Rosgan.<\/p>\n<p>\u201cA nivel local, la actividad industrial por el momento sigue sostenida por el mercado interno\u201d, afirm\u00f3 el informe realizado por Mar\u00eda Bel\u00e9n Collati y Mar\u00eda Julia Aiassa, de la consultora Big River.<\/p>\n<p>El reporte remarc\u00f3 que \u201csi bien las compras en comedores y restaurantes tambi\u00e9n se ver\u00e1n resentidas producto de la cuarentena vigente, la venta de carne en supermercados y carnicer\u00edas, que concentra la mayor proporci\u00f3n a nivel pa\u00eds, se sostiene, al menos por el momento\u201d.<\/p>\n<p>No obstante, el informe reconoci\u00f3 que \u201caquellas plantas orientadas b\u00e1sicamente a la faena de novillos de exportaci\u00f3n, y en especial las que trabajan cortes Hilton sufrir\u00e1n muy fuerte esta desaceleraci\u00f3n, generando una sobreoferta de carne en el corto plazo que podr\u00eda terminar impactando en los precios internos\u201d.<\/p>\n<p>Asimismo indicaron que \u201cvarios frigor\u00edficos ya han comenzado a manifestar esta retracci\u00f3n en sus compras de novillos\u201d, y puntualizaron que \u201cesta semana, el mercado de Liniers mostr\u00f3 un ajuste de m\u00e1s de un 6% en esa categor\u00eda\u201d.<\/p>\n<p>En este sentido, destacaron que \u201cel valor del novillo siempre ha sido un indicador de precios para toda la cadena\u201d, por lo que subrayaron que \u201cno se descarta un traslado directo al resto de las categor\u00edas\u201d.<\/p>\n<p>\u201cParad\u00f3jicamente, la rueda sigue girando y hoy la exportaci\u00f3n nuevamente centra su esperanza en China\u201d, remarc\u00f3 el informe del Rosgan.<\/p>\n<p>Puntualiz\u00f3 que \u201csi bien lentamente los negocios comienzan a moverse, la actividad aun es incipiente\u201d, y a\u00f1adi\u00f3 que \u201ca su vez, existen ciertos problemas en el abastecimiento de contenedores que limitan el ritmo de carga de los nuevos negocios pactados\u201d.<\/p>\n<p>\u201cSin embargo, la buena noticia proviene del destino y es que la mayor\u00eda de los puertos ya est\u00e1 retomando su nivel de actividad normal por lo que tarde o temprano, esa reactivaci\u00f3n deber\u00eda comenzar a reflejarse en los or\u00edgenes\u201d, concluy\u00f3 el Rosgan.<\/p>\n<p>El Gobierno anunci\u00f3 anoche que abonar\u00e1 por \u00fanica vez, en abril, unos 10.000 pesos a monotributistas de las categor\u00edas A y B, a trabajadores informales, de casas particulares y desempleados.<\/p>\n<p>Se trata del pago de un Ingreso Familiar de Emergencia (EFI) que beneficiar\u00e1 a 3,6 millones de personas.<\/p>\n<p>El decreto 310\/2020 publicado este martes en el Bolet\u00edn Oficial especifica que la suma se cobrar\u00e1 a trav\u00e9s de su CBU y que el tr\u00e1mite se realizar\u00e1 \u00edntegramente online.<\/p>\n<p>\u201cEl sistema va a ser muy simple, no hay que llenar ninguna planilla. Tienen que ver las normas que van a ir sacando la Anses y el Ministerio de Trabajo. Va a haber una p\u00e1gina donde van a tener que inscribirse\u201d, mencion\u00f3 el ministro de Trabajo, Claudio Moroni, en declaraciones a la prensa.<\/p>\n<p>Indic\u00f3 que los beneficiados tendr\u00e1n un plazo de 10 o 15 d\u00edas para llenar esa inscripci\u00f3n v\u00eda internet, \u201cy a partir de esa fecha se fija la fecha de pago\u201d. Moroni explic\u00f3 que la web estar\u00e1 operativa en los primeros d\u00edas de abril.<\/p>\n<p>Adem\u00e1s, el director ejecutivo de Anses, Alejandro Vanoli, explic\u00f3 que no hace falta ir a una sucursal del ente para cobrar lo dispuesto por el Gobierno, sino que todo se podr\u00e1 gestionar usando una aplicaci\u00f3n en el tel\u00e9fono.<\/p>\n<p>&#8220;Si recib\u00eds la Asignaci\u00f3n Universal por Hijo (AUH) no ten\u00e9s que hacer ning\u00fan tr\u00e1mite para cobrar el Ingreso Familiar de Emergencia. Lo cobr\u00e1s autom\u00e1ticamente en tu cuenta&#8221;, complet\u00f3 Vanoli.<\/p>\n<p>&nbsp;<\/p>\n<p><strong>Qui\u00e9nes podr\u00e1n cobrar los $10.000 <\/strong><\/p>\n<ul>\n<li>Monotributistas de las categor\u00edas A y B<\/li>\n<li>Trabajadores informales<\/li>\n<li>Desempleados<\/li>\n<li>Trabajadores de casas particulares<\/li>\n<\/ul>\n<p>&nbsp;<\/p>\n<p><strong>Cu\u00e1les son los requisitos para acceder al cobro del IFE<\/strong><\/p>\n<p>Para poder acceder al pago \u00fanico anunciado por la rosada en el marco del paquete de medidas que se est\u00e1n implementando para atenuar el impacto de la pandemia en la econom\u00eda, el DNU especifica dos requisitos necesarios:<\/p>\n<ul>\n<li>Ser argentino nativo o naturalizado y residente, con una residencia legal en el pa\u00eds no inferior a dos a\u00f1os<\/li>\n<li>Tener entre 18 y 65 a\u00f1os.<\/li>\n<\/ul>\n<p>&nbsp;<\/p>\n<p><strong>Adem\u00e1s, s\u00f3lo podr\u00e1 acceder al IFE quienes no perciban ingresos provenientes:<\/strong><\/p>\n<ul>\n<li>de un trabajo en relaci\u00f3n de dependencia p\u00fablico o privado;<\/li>\n<li>ser monotributista de categor\u00eda &#8220;C&#8221; o superior o del r\u00e9gimen de aut\u00f3nomos;.<\/li>\n<li>de una prestaci\u00f3n de desempleo;<\/li>\n<li>de jubilaciones, pensiones o retiros contributivos o no contributivos nacionales, provinciales, municipales o de la Ciudad Aut\u00f3noma de Buenos Aires (CABA).<\/li>\n<li>de planes sociales, salario social complementario, Hacemos Futuro, Potenciar Trabajo u otros programas sociales nacionales, provinciales o municipales, a excepci\u00f3n de los de la AU4H o Embarazo.<\/li>\n<\/ul>\n<p>Desde el Ministerio de Trabajo, la ANSES y la cartera de Econom\u00eda indicaron la financiaci\u00f3n de este suma excepcional estar\u00e1 a cargo del Tesoro Nacional e impactar\u00e1 en 3,6 millones de trabajadores.<\/p>\n","protected":false},"excerpt":{"rendered":"<p>El ministro de Trabajo, Claudio Moroni, y el titular de la Anses, Alejandro Vanoli, indicaron qu\u00e9 tr\u00e1mites ser\u00e1n necesarios y cu\u00e1les no. C\u00f3mo se pagar\u00e1 a beneficiarios de AUH &nbsp; &nbsp; El mercado interno, principalmente a trav\u00e9s de las ventas en supermercados y carnicer\u00edas, sostiene la actividad de la industria c\u00e1rnica, en tanto comenzaron a moverse nuevamente los negocios de exportaci\u00f3n a China, destac\u00f3 este lunes el Mercado Ganadero de Rosario, el Rosgan. \u201cA nivel local, la actividad industrial por el momento sigue sostenida por el mercado interno\u201d, afirm\u00f3 el&#8230;<\/p>\n","protected":false},"author":3,"featured_media":59333,"comment_status":"closed","ping_status":"closed","sticky":false,"template":"","format":"standard","meta":[],"categories":[2],"tags":[],"_links":{"self":[{"href":"https:\/\/www.actualidadadiario.com\/index.php\/wp-json\/wp\/v2\/posts\/59332"}],"collection":[{"href":"https:\/\/www.actualidadadiario.com\/index.php\/wp-json\/wp\/v2\/posts"}],"about":[{"href":"https:\/\/www.actualidadadiario.com\/index.php\/wp-json\/wp\/v2\/types\/post"}],"author":[{"embeddable":true,"href":"https:\/\/www.actualidadadiario.com\/index.php\/wp-json\/wp\/v2\/users\/3"}],"replies":[{"embeddable":true,"href":"https:\/\/www.actualidadadiario.com\/index.php\/wp-json\/wp\/v2\/comments?post=59332"}],"version-history":[{"count":1,"href":"https:\/\/www.actualidadadiario.com\/index.php\/wp-json\/wp\/v2\/posts\/59332\/revisions"}],"predecessor-version":[{"id":59334,"href":"https:\/\/www.actualidadadiario.com\/index.php\/wp-json\/wp\/v2\/posts\/59332\/revisions\/59334"}],"wp:featuredmedia":[{"embeddable":true,"href":"https:\/\/www.actualidadadiario.com\/index.php\/wp-json\/wp\/v2\/media\/59333"}],"wp:attachment":[{"href":"https:\/\/www.actualidadadiario.com\/index.php\/wp-json\/wp\/v2\/media?parent=59332"}],"wp:term":[{"taxonomy":"category","embeddable":true,"href":"https:\/\/www.actualidadadiario.com\/index.php\/wp-json\/wp\/v2\/categories?post=59332"},{"taxonomy":"post_tag","embeddable":true,"href":"https:\/\/www.actualidadadiario.com\/index.php\/wp-json\/wp\/v2\/tags?post=59332"}],"curies":[{"name":"wp","href":"https:\/\/api.w.org\/{rel}","templated":true}]}}