{"id":59309,"date":"2020-03-24T13:19:17","date_gmt":"2020-03-24T16:19:17","guid":{"rendered":"https:\/\/www.actualidadadiario.com\/?p=59309"},"modified":"2020-03-24T13:19:17","modified_gmt":"2020-03-24T16:19:17","slug":"el-cge-ofrece-contenidos-para-abordar-el-dia-de-la-memoria-desde-las-casas","status":"publish","type":"post","link":"https:\/\/www.actualidadadiario.com\/index.php\/2020\/03\/24\/el-cge-ofrece-contenidos-para-abordar-el-dia-de-la-memoria-desde-las-casas\/","title":{"rendered":"El CGE ofrece contenidos para abordar el D\u00eda de la Memoria desde las casas"},"content":{"rendered":"<p style=\"text-align: center;\"><em><strong>El Gobierno provincial, a trav\u00e9s del Consejo General de Educaci\u00f3n, presenta una serie de recursos educativos para todos los niveles y modalidades para abordar el D\u00eda Nacional de la Memoria por la Verdad y la Justicia desde el Portal \u201cAprender\u201d<\/strong><\/em><\/p>\n<p>&nbsp;<\/p>\n<p>Bajo el nombre de \u201cPuentes entre pasado, presente y futuro: aprender a mirar hist\u00f3ricamente\u201d, el Consejo General de Educaci\u00f3n (CGE) elabor\u00f3 material did\u00e1ctico para que los estudiantes de todos los niveles del sistema educativo provincial aborden el D\u00eda Nacional de la Memoria por la Verdad y la Justicia, garantizando de esta forma contenidos educativos en tiempos de emergencia sanitaria. Este y otros recursos sobre la tem\u00e1tica producidos por el Portal Aprender en la \u00faltima d\u00e9cada est\u00e1n disponibles en la colecci\u00f3n Memoria en Casa.<\/p>\n<p>Los documentos fueron elaborados en forma conjunta por el Programa Educaci\u00f3n, Derechos Humanos y Memoria Colectiva y las direcciones de nivel y modalidad, en vistas a ofrecer una serie de recursos educativos para las escuelas de Entre R\u00edos, con propuestas did\u00e1cticas para que los estudiantes trabajen desde su casa.<\/p>\n<p>El presidente del CGE, Mart\u00edn M\u00fcller, destac\u00f3 que Puentes entre pasado, presente y futuro &#8220;nos plantea volver a mirar la historia reciente de un modo din\u00e1mico, cr\u00edtico, solidario y responsable con el fin de recuperar la memoria y la conciencia hist\u00f3rica&#8221; y agreg\u00f3 que &#8220;la propuesta apunta a construir una ciudadan\u00eda cr\u00edtica, responsable y participativa, alentando el intercambio, el debate, la escucha y ejercitando situaciones que pongan en juego saberes sobre nuestros Derechos Humanos&#8221;.<\/p>\n<p>La responsable del programa Educaci\u00f3n, Derechos Humanos y Memoria Colectiva del CGE, Susana Nadalich, explic\u00f3 que &#8220;hacemos memoria de lo comenzado hace 44 a\u00f1os, el inicio de la \u00faltima dictadura c\u00edvico militar, que fue la m\u00e1s atroz de nuestra historia&#8221; y que &#8220;nuestro desaf\u00edo como espacio es aprender del pasado e hilvanar desde all\u00ed para construir nociones de lo com\u00fan, por eso proponemos la consigna de Puentes&#8230; como un di\u00e1logo intergeneracional&#8221;.<\/p>\n<p>Por otra parte y en la coyuntura de aislamiento social en el que nos toca transitar este D\u00eda de la Memoria, Nadalich propuso: &#8220;Invitamos a la ciudadan\u00eda a colocar un pa\u00f1uelo blanco en cada casa este 24 de marzo, porque si bien este a\u00f1o no marchamos, la memoria est\u00e1 de pie y en alto como nuestra democracia&#8221;, y destac\u00f3 que &#8220;el pa\u00f1uelo blanco de Madres y Abuelas es un s\u00edmbolo de lucha muy particular y un orgullo argentino que sigue acompa\u00f1ando y resignificando las luchas del presente&#8221;.<\/p>\n<p>Adem\u00e1s de la colecci\u00f3n Memoria en Casa, desde el programa del CGE se sugieren los contenidos que ofrece el Ministerio de Educaci\u00f3n de Naci\u00f3n, los cursos virtuales para docentes del Instituto Nacional de Formaci\u00f3n Docente y la propuesta de la Televisi\u00f3n P\u00fablica, donde se destaca el ciclo Diez documentales por la Memoria.<\/p>\n","protected":false},"excerpt":{"rendered":"<p>El Gobierno provincial, a trav\u00e9s del Consejo General de Educaci\u00f3n, presenta una serie de recursos educativos para todos los niveles y modalidades para abordar el D\u00eda Nacional de la Memoria por la Verdad y la Justicia desde el Portal \u201cAprender\u201d &nbsp; Bajo el nombre de \u201cPuentes entre pasado, presente y futuro: aprender a mirar hist\u00f3ricamente\u201d, el Consejo General de Educaci\u00f3n (CGE) elabor\u00f3 material did\u00e1ctico para que los estudiantes de todos los niveles del sistema educativo provincial aborden el D\u00eda Nacional de la Memoria por la Verdad y la Justicia, garantizando&#8230;<\/p>\n","protected":false},"author":3,"featured_media":59310,"comment_status":"closed","ping_status":"closed","sticky":false,"template":"","format":"standard","meta":[],"categories":[15],"tags":[],"_links":{"self":[{"href":"https:\/\/www.actualidadadiario.com\/index.php\/wp-json\/wp\/v2\/posts\/59309"}],"collection":[{"href":"https:\/\/www.actualidadadiario.com\/index.php\/wp-json\/wp\/v2\/posts"}],"about":[{"href":"https:\/\/www.actualidadadiario.com\/index.php\/wp-json\/wp\/v2\/types\/post"}],"author":[{"embeddable":true,"href":"https:\/\/www.actualidadadiario.com\/index.php\/wp-json\/wp\/v2\/users\/3"}],"replies":[{"embeddable":true,"href":"https:\/\/www.actualidadadiario.com\/index.php\/wp-json\/wp\/v2\/comments?post=59309"}],"version-history":[{"count":1,"href":"https:\/\/www.actualidadadiario.com\/index.php\/wp-json\/wp\/v2\/posts\/59309\/revisions"}],"predecessor-version":[{"id":59311,"href":"https:\/\/www.actualidadadiario.com\/index.php\/wp-json\/wp\/v2\/posts\/59309\/revisions\/59311"}],"wp:featuredmedia":[{"embeddable":true,"href":"https:\/\/www.actualidadadiario.com\/index.php\/wp-json\/wp\/v2\/media\/59310"}],"wp:attachment":[{"href":"https:\/\/www.actualidadadiario.com\/index.php\/wp-json\/wp\/v2\/media?parent=59309"}],"wp:term":[{"taxonomy":"category","embeddable":true,"href":"https:\/\/www.actualidadadiario.com\/index.php\/wp-json\/wp\/v2\/categories?post=59309"},{"taxonomy":"post_tag","embeddable":true,"href":"https:\/\/www.actualidadadiario.com\/index.php\/wp-json\/wp\/v2\/tags?post=59309"}],"curies":[{"name":"wp","href":"https:\/\/api.w.org\/{rel}","templated":true}]}}