{"id":59306,"date":"2020-03-24T13:18:14","date_gmt":"2020-03-24T16:18:14","guid":{"rendered":"https:\/\/www.actualidadadiario.com\/?p=59306"},"modified":"2020-03-24T13:18:14","modified_gmt":"2020-03-24T16:18:14","slug":"ya-son-160-los-detenidos-por-incumplir-la-cuarentena-en-entre-rios","status":"publish","type":"post","link":"https:\/\/www.actualidadadiario.com\/index.php\/2020\/03\/24\/ya-son-160-los-detenidos-por-incumplir-la-cuarentena-en-entre-rios\/","title":{"rendered":"Ya son 160 los detenidos por incumplir la cuarentena en Entre R\u00edos"},"content":{"rendered":"<p style=\"text-align: center;\"><em><strong>As\u00ed lo confirm\u00f3 el jefe de la Polic\u00eda de Entre R\u00edos, Gustavo Maslein. Adem\u00e1s, explic\u00f3 que son m\u00e1s de 1300 las personas notificadas de la cuarentena y se labraron 1000 actas por incumplimiento primario del Decreto<\/strong><\/em><\/p>\n<p>&nbsp;<\/p>\n<p>&nbsp;<\/p>\n<p>El presidente Alberto Fern\u00e1ndez decret\u00f3 este jueves la cuarentena total desde la cero hora del viernes y hasta el 31 de marzo, para reforzar a\u00fan m\u00e1s las acciones contra el coronavirus en la Argentina. Quien no cumpla con esta medida, tendr\u00e1 una denuncia penal. Adem\u00e1s, el Gobierno analiza sumar sanciones econ\u00f3micas.<\/p>\n<p>En Entre R\u00edos, desde que comenz\u00f3 a regir la medida hubo 160 personas detenidas por incumplimiento del Decreto nacional. Son m\u00e1s de 1300 las personas notificadas de la cuarentena. Se labraron 1000 actas por incumplimiento primario del Decreto<\/p>\n<p>Al respecto, el jefe de la Polic\u00eda de Entre R\u00edos, Gustavo Maslein, expres\u00f3 que &#8220;desde el primer momento estamos trabajando en toda la provincia con despliegue de personal y medios&#8221; y agreg\u00f3 que &#8220;se est\u00e1 dando un trabajo mancomunado y es muy importante, intenso. Pedimos a todos los entrerrianos que colaboren con la Polic\u00eda, que se queden en casa, solos no podemos&#8221;.<\/p>\n","protected":false},"excerpt":{"rendered":"<p>As\u00ed lo confirm\u00f3 el jefe de la Polic\u00eda de Entre R\u00edos, Gustavo Maslein. Adem\u00e1s, explic\u00f3 que son m\u00e1s de 1300 las personas notificadas de la cuarentena y se labraron 1000 actas por incumplimiento primario del Decreto &nbsp; &nbsp; El presidente Alberto Fern\u00e1ndez decret\u00f3 este jueves la cuarentena total desde la cero hora del viernes y hasta el 31 de marzo, para reforzar a\u00fan m\u00e1s las acciones contra el coronavirus en la Argentina. Quien no cumpla con esta medida, tendr\u00e1 una denuncia penal. Adem\u00e1s, el Gobierno analiza sumar sanciones econ\u00f3micas. En&#8230;<\/p>\n","protected":false},"author":3,"featured_media":59307,"comment_status":"closed","ping_status":"closed","sticky":false,"template":"","format":"standard","meta":[],"categories":[15],"tags":[],"_links":{"self":[{"href":"https:\/\/www.actualidadadiario.com\/index.php\/wp-json\/wp\/v2\/posts\/59306"}],"collection":[{"href":"https:\/\/www.actualidadadiario.com\/index.php\/wp-json\/wp\/v2\/posts"}],"about":[{"href":"https:\/\/www.actualidadadiario.com\/index.php\/wp-json\/wp\/v2\/types\/post"}],"author":[{"embeddable":true,"href":"https:\/\/www.actualidadadiario.com\/index.php\/wp-json\/wp\/v2\/users\/3"}],"replies":[{"embeddable":true,"href":"https:\/\/www.actualidadadiario.com\/index.php\/wp-json\/wp\/v2\/comments?post=59306"}],"version-history":[{"count":1,"href":"https:\/\/www.actualidadadiario.com\/index.php\/wp-json\/wp\/v2\/posts\/59306\/revisions"}],"predecessor-version":[{"id":59308,"href":"https:\/\/www.actualidadadiario.com\/index.php\/wp-json\/wp\/v2\/posts\/59306\/revisions\/59308"}],"wp:featuredmedia":[{"embeddable":true,"href":"https:\/\/www.actualidadadiario.com\/index.php\/wp-json\/wp\/v2\/media\/59307"}],"wp:attachment":[{"href":"https:\/\/www.actualidadadiario.com\/index.php\/wp-json\/wp\/v2\/media?parent=59306"}],"wp:term":[{"taxonomy":"category","embeddable":true,"href":"https:\/\/www.actualidadadiario.com\/index.php\/wp-json\/wp\/v2\/categories?post=59306"},{"taxonomy":"post_tag","embeddable":true,"href":"https:\/\/www.actualidadadiario.com\/index.php\/wp-json\/wp\/v2\/tags?post=59306"}],"curies":[{"name":"wp","href":"https:\/\/api.w.org\/{rel}","templated":true}]}}