{"id":59303,"date":"2020-03-24T13:17:06","date_gmt":"2020-03-24T16:17:06","guid":{"rendered":"https:\/\/www.actualidadadiario.com\/?p=59303"},"modified":"2020-03-24T13:17:06","modified_gmt":"2020-03-24T16:17:06","slug":"el-gobierno-provincial-recordo-las-vias-de-comunicacion-en-casos-de-violencia","status":"publish","type":"post","link":"https:\/\/www.actualidadadiario.com\/index.php\/2020\/03\/24\/el-gobierno-provincial-recordo-las-vias-de-comunicacion-en-casos-de-violencia\/","title":{"rendered":"El gobierno provincial record\u00f3 las v\u00edas de comunicaci\u00f3n en casos de violencia"},"content":{"rendered":"<p style=\"text-align: center;\"><em><strong>La provincia, a trav\u00e9s de la Secretar\u00eda de Mujeres, G\u00e9nero y Diversidad dependiente del Ministerio de Desarrollo Social, inform\u00f3 las v\u00edas de comunicaci\u00f3n habilitadas para denuncias y asistencia por casos de violencia de g\u00e9nero<\/strong><\/em><\/p>\n<p>&nbsp;<\/p>\n<p>&nbsp;<\/p>\n<p>\u201cJunto a cada \u00e1rea del gobierno provincial que aborda y atiende situaciones de violencia, se acordaron estrategias de atenci\u00f3n y contenci\u00f3n en el marco del aislamiento social, preventivo y obligatorio que estamos atravesando\u201d, manifest\u00f3 la secretaria de Mujeres, G\u00e9nero y Diversidad, Mariana Broggi.<\/p>\n<p>\u201cSabemos que el aislamiento es un factor que puede recrudecer las situaciones por las que atraviesan las mujeres, y all\u00ed es donde debemos estar los organismos competentes para acompa\u00f1ar y asesorar\u201d, agreg\u00f3 la funcionaria, que dijo que es permanente la comunicaci\u00f3n que est\u00e1n manteniendo desde la provincia con juzgados de turno y fiscal\u00edas.<\/p>\n<p>Por asesoramiento y consultas se encuentran disponibles la l\u00ednea gratuita 144; la Subsecretar\u00eda de la Mujer, donde atienden de 8 a 12 en 25 de Junio 230 en la capital provincial y su l\u00ednea telef\u00f3nica es (0343) 4208826; la Direcci\u00f3n de Asistencia a la V\u00edctima 0800-888-8428, y el Programa de Violencia Social que atiende personalmente en Uruguay 235 de Paran\u00e1 de 7 a 16 horas y sus tel\u00e9fonos son (0343) 4209658 y (0343) 4840955.<\/p>\n<p>En caso de denuncias se deben comunicar al 911, a la comisar\u00eda m\u00e1s cercana o a la Unidad de G\u00e9nero (0343) 4209404 interno 435.<\/p>\n","protected":false},"excerpt":{"rendered":"<p>La provincia, a trav\u00e9s de la Secretar\u00eda de Mujeres, G\u00e9nero y Diversidad dependiente del Ministerio de Desarrollo Social, inform\u00f3 las v\u00edas de comunicaci\u00f3n habilitadas para denuncias y asistencia por casos de violencia de g\u00e9nero &nbsp; &nbsp; \u201cJunto a cada \u00e1rea del gobierno provincial que aborda y atiende situaciones de violencia, se acordaron estrategias de atenci\u00f3n y contenci\u00f3n en el marco del aislamiento social, preventivo y obligatorio que estamos atravesando\u201d, manifest\u00f3 la secretaria de Mujeres, G\u00e9nero y Diversidad, Mariana Broggi. \u201cSabemos que el aislamiento es un factor que puede recrudecer las&#8230;<\/p>\n","protected":false},"author":3,"featured_media":59304,"comment_status":"closed","ping_status":"closed","sticky":false,"template":"","format":"standard","meta":[],"categories":[15],"tags":[],"_links":{"self":[{"href":"https:\/\/www.actualidadadiario.com\/index.php\/wp-json\/wp\/v2\/posts\/59303"}],"collection":[{"href":"https:\/\/www.actualidadadiario.com\/index.php\/wp-json\/wp\/v2\/posts"}],"about":[{"href":"https:\/\/www.actualidadadiario.com\/index.php\/wp-json\/wp\/v2\/types\/post"}],"author":[{"embeddable":true,"href":"https:\/\/www.actualidadadiario.com\/index.php\/wp-json\/wp\/v2\/users\/3"}],"replies":[{"embeddable":true,"href":"https:\/\/www.actualidadadiario.com\/index.php\/wp-json\/wp\/v2\/comments?post=59303"}],"version-history":[{"count":1,"href":"https:\/\/www.actualidadadiario.com\/index.php\/wp-json\/wp\/v2\/posts\/59303\/revisions"}],"predecessor-version":[{"id":59305,"href":"https:\/\/www.actualidadadiario.com\/index.php\/wp-json\/wp\/v2\/posts\/59303\/revisions\/59305"}],"wp:featuredmedia":[{"embeddable":true,"href":"https:\/\/www.actualidadadiario.com\/index.php\/wp-json\/wp\/v2\/media\/59304"}],"wp:attachment":[{"href":"https:\/\/www.actualidadadiario.com\/index.php\/wp-json\/wp\/v2\/media?parent=59303"}],"wp:term":[{"taxonomy":"category","embeddable":true,"href":"https:\/\/www.actualidadadiario.com\/index.php\/wp-json\/wp\/v2\/categories?post=59303"},{"taxonomy":"post_tag","embeddable":true,"href":"https:\/\/www.actualidadadiario.com\/index.php\/wp-json\/wp\/v2\/tags?post=59303"}],"curies":[{"name":"wp","href":"https:\/\/api.w.org\/{rel}","templated":true}]}}