{"id":59300,"date":"2020-03-24T13:16:09","date_gmt":"2020-03-24T16:16:09","guid":{"rendered":"https:\/\/www.actualidadadiario.com\/?p=59300"},"modified":"2020-03-24T13:16:09","modified_gmt":"2020-03-24T16:16:09","slug":"cooperativas-entrerrianas-elaboran-mas-de-35-000-barbijos","status":"publish","type":"post","link":"https:\/\/www.actualidadadiario.com\/index.php\/2020\/03\/24\/cooperativas-entrerrianas-elaboran-mas-de-35-000-barbijos\/","title":{"rendered":"Cooperativas entrerrianas elaboran m\u00e1s de 35.000 barbijos"},"content":{"rendered":"<p style=\"text-align: center;\"><em><strong>En el marco de la emergencia sanitaria por el coronavirus, siete cooperativas textiles de diferentes localidades de la provincia trabajan en la confecci\u00f3n de barbijos, camisolines y cofias que ser\u00e1n distribuidos en organismos y dependencias del Estado entrerriano<\/strong><\/em><\/p>\n<p>&nbsp;<\/p>\n<p>&nbsp;<\/p>\n<p>\u201cEn esta primera etapa, la producci\u00f3n de barbijos llegar\u00e1 a m\u00e1s de 35.000, sumando m\u00e1s de 2.000 camisolines y cofias. En este momento de emergencia sanitaria es donde las decisiones pol\u00edticas se tornan elementales para acompa\u00f1ar los procesos solidarios y cooperativos. Adem\u00e1s, se trata de darle continuidad y acompa\u00f1amiento al trabajo conjunto que realizamos desde el Ministerio con las cooperativas en la generaci\u00f3n de sus recursos econ\u00f3micos\u201d, dijo la ministra de Desarrollo Social, Marisa Paira.<\/p>\n<p>\u201cEsto se suma a la labor y el esfuerzo de las y los entrerrianos con la solidaridad como elemento articulador. A su vez sigue siendo el eje del gobierno provincial alentar y apoyar la producci\u00f3n en nuestro territorio para fortalecer a los cooperativistas y a todos los sectores\u201d, manifest\u00f3 Paira.<\/p>\n<p>Asimismo, la titular de la cartera social destac\u00f3 el trabajo de los cooperativistas entrerrianos y entrerrianas durante la cuarentena para ayudar a otros trabajadores y trabajadoras en su tarea de cuidado. \u201cEstas acciones, promovidas desde el gobierno provincial ratifican la l\u00ednea que nos ha marcado nuestro gobernador Gustavo Bordet de continuar fortalecimiento la econom\u00eda social\u201d, remarc\u00f3.<\/p>\n<p>M\u00e1s de 100 personas de las cooperativas Manos Talenses, de Rosario del Tala; Confecciones Eigenfeld, de Aldea Eigenfeld; El Ceibo de Villaguay; Las Gurisas de Bovril; la CTC de Paran\u00e1; y el Grupo Productivo Osad\u00eda de Concordia est\u00e1n abocadas a este proceso de producci\u00f3n.<\/p>\n<p>En ese sentido, el subsecretario de Fortalecimiento de las Organizaciones Sociales de la cartera social, Juan Arbitelli, reflexion\u00f3: \u201cCreemos que el rol de las cooperativas es una s\u00edntesis de la forma de salir de esta crisis, teniendo en cuenta que la solidaridad siempre ha sido el eje de su trabajo\u201d.<\/p>\n<p>\u201cUno de los mayores aprendizajes de estos tiempos ser\u00e1 encontrar desde lo individual las respuestas colectivas\u201d, concluy\u00f3 la ministra.<\/p>\n","protected":false},"excerpt":{"rendered":"<p>En el marco de la emergencia sanitaria por el coronavirus, siete cooperativas textiles de diferentes localidades de la provincia trabajan en la confecci\u00f3n de barbijos, camisolines y cofias que ser\u00e1n distribuidos en organismos y dependencias del Estado entrerriano &nbsp; &nbsp; \u201cEn esta primera etapa, la producci\u00f3n de barbijos llegar\u00e1 a m\u00e1s de 35.000, sumando m\u00e1s de 2.000 camisolines y cofias. En este momento de emergencia sanitaria es donde las decisiones pol\u00edticas se tornan elementales para acompa\u00f1ar los procesos solidarios y cooperativos. Adem\u00e1s, se trata de darle continuidad y acompa\u00f1amiento al&#8230;<\/p>\n","protected":false},"author":3,"featured_media":59301,"comment_status":"closed","ping_status":"closed","sticky":false,"template":"","format":"standard","meta":[],"categories":[15],"tags":[],"_links":{"self":[{"href":"https:\/\/www.actualidadadiario.com\/index.php\/wp-json\/wp\/v2\/posts\/59300"}],"collection":[{"href":"https:\/\/www.actualidadadiario.com\/index.php\/wp-json\/wp\/v2\/posts"}],"about":[{"href":"https:\/\/www.actualidadadiario.com\/index.php\/wp-json\/wp\/v2\/types\/post"}],"author":[{"embeddable":true,"href":"https:\/\/www.actualidadadiario.com\/index.php\/wp-json\/wp\/v2\/users\/3"}],"replies":[{"embeddable":true,"href":"https:\/\/www.actualidadadiario.com\/index.php\/wp-json\/wp\/v2\/comments?post=59300"}],"version-history":[{"count":1,"href":"https:\/\/www.actualidadadiario.com\/index.php\/wp-json\/wp\/v2\/posts\/59300\/revisions"}],"predecessor-version":[{"id":59302,"href":"https:\/\/www.actualidadadiario.com\/index.php\/wp-json\/wp\/v2\/posts\/59300\/revisions\/59302"}],"wp:featuredmedia":[{"embeddable":true,"href":"https:\/\/www.actualidadadiario.com\/index.php\/wp-json\/wp\/v2\/media\/59301"}],"wp:attachment":[{"href":"https:\/\/www.actualidadadiario.com\/index.php\/wp-json\/wp\/v2\/media?parent=59300"}],"wp:term":[{"taxonomy":"category","embeddable":true,"href":"https:\/\/www.actualidadadiario.com\/index.php\/wp-json\/wp\/v2\/categories?post=59300"},{"taxonomy":"post_tag","embeddable":true,"href":"https:\/\/www.actualidadadiario.com\/index.php\/wp-json\/wp\/v2\/tags?post=59300"}],"curies":[{"name":"wp","href":"https:\/\/api.w.org\/{rel}","templated":true}]}}