{"id":59297,"date":"2020-03-24T13:14:52","date_gmt":"2020-03-24T16:14:52","guid":{"rendered":"https:\/\/www.actualidadadiario.com\/?p=59297"},"modified":"2020-03-24T13:15:08","modified_gmt":"2020-03-24T16:15:08","slug":"no-se-registran-actualmente-casos-de-transmision-comunitaria-del-coronavirus-en-la-provincia","status":"publish","type":"post","link":"https:\/\/www.actualidadadiario.com\/index.php\/2020\/03\/24\/no-se-registran-actualmente-casos-de-transmision-comunitaria-del-coronavirus-en-la-provincia\/","title":{"rendered":"No se registran actualmente casos de transmisi\u00f3n comunitaria del coronavirus en la provincia"},"content":{"rendered":"<p style=\"text-align: center;\"><em><strong>Durante la conferencia de prensa desarrollada ayer, el director de Epidemiolog\u00eda de la provincia, Diego Garcilazo, expuso el mapa de situaci\u00f3n y precis\u00f3 que por el momento en Entre R\u00edos no hay casos sospechosos que hayan sido de transmisi\u00f3n comunitaria<\/strong><\/em><\/p>\n<p>&nbsp;<\/p>\n<p>&nbsp;<\/p>\n<p>En la conferencia de prensa que el gobierno realiz\u00f3 este lunes en la Casa Gris, encabezada por el gobernador Gustavo Bordet, y que estuvo junto a la ministra de Salud, Sonia Vel\u00e1zquez; y el jefe de la Polic\u00eda, Gustavo Maslein; el director de Epidemiolog\u00eda, Diego Garcilazo, expuso el mapa de situaci\u00f3n actual en la provincia e inform\u00f3 que los casos confirmados son cuatro, 20 fueron descartados y 20 contin\u00faan en estudio.<\/p>\n<p>&#8220;Estos son los datos con los resultados de laboratorio pero tambi\u00e9n hay que tener en cuenta que desde que se produce el contagio hasta que se realiza el diagn\u00f3stico lleva un tiempo. Por eso es muy importante seguir teniendo en cuenta todas las medidas relacionadas al control para evitar la transmisi\u00f3n de la enfermedad&#8221;, afirm\u00f3 el funcionario.<\/p>\n<p>Adem\u00e1s, reiter\u00f3 que est\u00e1n evaluando semana a semana &#8220;los casos que van entrando en estudio, los cuales se han visto duplicados&#8221;.<\/p>\n<p>El director de Epidemiolog\u00eda, Diego Garcilazo, precis\u00f3 que por el momento en Entre R\u00edos &#8220;no tenemos casos sospechosos que hayan sido de transmisi\u00f3n comunitaria, si estamos trabajando con las otras direcciones de epidemiolog\u00eda de todo el pa\u00eds y se va a empezar a realizar algunos estudios de lo que nosotros llamamos unidades centinelas para poder ir detectando tambi\u00e9n algunos casos de personas que no tengan antecedentes de viaje o que no hayan sido contacto estrecho&#8221;.<\/p>\n<p>Aclar\u00f3, que &#8220;si entran en ese criterio podr\u00eda llegar a detectar esos casos en aquellas personas que tengan alguna infecci\u00f3n respiratoria moderada a grave que hoy se est\u00e1n estudiando aquellos que no tengan antecedentes de viaje. Pero hasta el momento no hemos tenido ninguna confirmaci\u00f3n de estos tipos de casos, los que tenemos hasta ahora son casos de personas que han viajado al exterior un caso de lo que se llama transmisi\u00f3n local de una persona que ha sido contacto estrecho de un caso confirmado por viaje al exterior&#8221;.<\/p>\n<p>Garcilazo asegur\u00f3 que &#8220;todas las medidas que se toman est\u00e1n relacionadas a datos concretos que se puedan evaluar desde el punto de vista epidemiol\u00f3gico, tanto en el pa\u00eds como en el mundo, en el pa\u00eds como en nuestra provincia. Cuando hay una evidencia desde el punto de vista epidemiol\u00f3gico de alg\u00fan cambio, eso autom\u00e1ticamente genera las medidas que se requieran tomar&#8221;.<\/p>\n<p>Reiter\u00f3 que &#8220;hasta el momento nuestra provincia est\u00e1 en la situaci\u00f3n de casos de personas que han tenido antecedentes de viaje y un s\u00f3lo caso de lo que se llama trasmisi\u00f3n local, por lo que las medidas que se est\u00e1n tomando est\u00e1n asociadas a la situaci\u00f3n epidemiol\u00f3gica&#8221;.<\/p>\n<p>Sobre la posibilidad de que se implementen medias en la frontera con la provincia de Buenos Aires, Garcilazo se\u00f1al\u00f3 que &#8220;es un tema que se discuti\u00f3 con los directores de Epidemiolog\u00eda nacionales y con la Direcci\u00f3n Nacional de Epidemiolog\u00eda. Hoy no se considera Buenos Aires como a las personas que viajan del exterior; hoy los que van a entrar en estudios son aquellas personas que hayan tenido antecedente de viaje al exterior, sin importar qu\u00e9 pa\u00eds; y tambi\u00e9n las que tengan cuadros respiratorios moderados a graves, se van a estudiar todos sin importar el antecedente de viaje&#8221;.<\/p>\n<p>Reiter\u00f3 que &#8220;los casos que est\u00e1n en estudio, descartados y confirmados, son todos casos que se han enviado al Malbr\u00e1n, se hace semanalmente; en este momento son 20 env\u00edos m\u00e1s o menos. Nosotros lo que esperamos y en lo que estamos trabajando a nivel nacional es en la descentralizaci\u00f3n en todo el pa\u00eds de los laboratorios. Sin embargo, las medidas que se tienen que tomar frente a los pacientes no van a estar modificadas directamente por si el resultados es positivo o negativo, las personas tienen que estar aisladas ante casos sospechosos hasta esperar el resultado, as\u00ed demoren 24 o 72 horas o una semana&#8221;.<\/p>\n<p>&#8220;Es importante tener en cuenta esta situaci\u00f3n, que m\u00e1s all\u00e1 de los tiempos de los laboratorios, las medidas que se est\u00e1n tomando son las que se tienen que tomar y las correctas; eso no va a influir en la situaci\u00f3n epidemiol\u00f3gica, si puede influir en cuanto al tiempo en que una persona puede o no estar aislada&#8221;, subray\u00f3.<\/p>\n<p>En relaci\u00f3n a los laboratorios, el facultativo dijo que &#8220;hay que tener en cuenta que para estos estudios que se hacen para vigilancia y contenci\u00f3n se requiere un tipo de estudio que se llama PCR Real Time, que no est\u00e1 disponible en todo el pa\u00eds en cualquier laboratorio, son muy pocos los que lo tienen; nosotros estamos en condiciones de hacerlo, pero tambi\u00e9n se requieren reactivos que est\u00e9n validados no s\u00f3lo por el Malbr\u00e1n, sino tambi\u00e9n por el Anmat, porque tenemos que certificar lo m\u00e1s r\u00e1pido posible que si esa persona da positivo sea as\u00ed; y si da negativo, sea as\u00ed. Eso tambi\u00e9n es importante para el momento posterior, una vez que el paciente termina sus s\u00edntomas, para poder dar el alta y certificar que no sigue contagiando el virus por m\u00e1s que no tenga s\u00edntomas&#8221;.<\/p>\n<p>&#8220;Por lo tanto es fundamental el trabajo que se tiene que hacer; que la descentralizaci\u00f3n sea organizada y responsable en este aspecto&#8221;, apunt\u00f3.<\/p>\n<p>Descart\u00f3 que en esta fase fueran \u00fatiles: &#8220;Hoy lo que se necesita es la tecnolog\u00eda que es la que tiene el Malbr\u00e1n, y que ir\u00e1 descentralizando progresivamente a todos el pa\u00eds&#8221;.<\/p>\n<p>En cuanto al uso de los cajeros, Garcilazo insisti\u00f3 en que &#8220;las medidas de la poblaci\u00f3n en general est\u00e1n relacionadas al lavado de manos. Esto es fundamental para todas las personas que salen&#8221;. En ese marco, se refiri\u00f3 a uso de guantes y barbijos al decir que &#8220;esto genera una falta sensaci\u00f3n de seguridad&#8221;.<\/p>\n<p>Explic\u00f3 que el virus ingresa a trav\u00e9s de la mucosa y reiter\u00f3 la importancia de saber utilizar, colocar y sacar los equipos de protecci\u00f3n, dijo entonces que se genera una \u201cfalsa sensaci\u00f3n de seguridad, el virus no va a entrar a trav\u00e9s de la piel sino que va a ser a trav\u00e9s de las mucosas. Vemos que mucha gente est\u00e1 usando guantes para utilizar cualquier utensilio o cuando est\u00e1 afuera de su casa y despu\u00e9s autom\u00e1ticamente se toca la cara y es la misma situaci\u00f3n que si no tuviera los guantes\u201d.<\/p>\n<p>\u201cAc\u00e1 hay que tener en cuenta que los equipos de protecci\u00f3n personal principalmente hay que saber utilizarlos, saber pon\u00e9rselos, c\u00f3mo se sacan y es fundamental que se el personal de salud el que utilice estos equipos porque es el que va a estar m\u00e1s expuesto y en contacto con el virus directamente\u201d, apunt\u00f3.<\/p>\n<p>En ese sentido, aclar\u00f3 que \u201clas personas comunes lo que tienen que hacer es lo que estamos recomendando diariamente, cumplir a rajatabla el aislamiento y lavarse las manos habitualmente, tener todos la ambientes lo m\u00e1s aireados posible y b\u00e1sicamente tener en cuenta eso, no utilizar ninguna otra medida extraordinaria\u201d.<\/p>\n<p>Respecto de la proyecci\u00f3n del pico de circulaci\u00f3n del virus, Garcilazo explic\u00f3 que &#8220;generalmente lo que se ha observado en los otros pa\u00edses, la experiencia que tenemos con lo que ha pasado en Europa, generalmente desde la aparici\u00f3n del primer caso hasta el pico o lo que llamamos la curva exponencial, comienza aproximadamente 30 a 40 d\u00edas despu\u00e9s del primer caso. Esto es muy variable, no es una cuesti\u00f3n exacta ni matem\u00e1tica pero eso es lo que tenemos como experiencia y lo que estamos observando en los dem\u00e1s pa\u00edses\u201d.<\/p>\n<p>Por \u00faltimo, indic\u00f3 que \u201cestamos viendo un crecimiento exponencial del n\u00famero de casos que est\u00e1n en estudio, por lo tanto consideramos que en las pr\u00f3ximas semanas vamos se va a empezar a ver el aumento de casos en estudio y confirmados\u201d.<\/p>\n","protected":false},"excerpt":{"rendered":"<p>Durante la conferencia de prensa desarrollada ayer, el director de Epidemiolog\u00eda de la provincia, Diego Garcilazo, expuso el mapa de situaci\u00f3n y precis\u00f3 que por el momento en Entre R\u00edos no hay casos sospechosos que hayan sido de transmisi\u00f3n comunitaria &nbsp; &nbsp; En la conferencia de prensa que el gobierno realiz\u00f3 este lunes en la Casa Gris, encabezada por el gobernador Gustavo Bordet, y que estuvo junto a la ministra de Salud, Sonia Vel\u00e1zquez; y el jefe de la Polic\u00eda, Gustavo Maslein; el director de Epidemiolog\u00eda, Diego Garcilazo, expuso el&#8230;<\/p>\n","protected":false},"author":3,"featured_media":59093,"comment_status":"closed","ping_status":"closed","sticky":false,"template":"","format":"standard","meta":[],"categories":[9],"tags":[],"_links":{"self":[{"href":"https:\/\/www.actualidadadiario.com\/index.php\/wp-json\/wp\/v2\/posts\/59297"}],"collection":[{"href":"https:\/\/www.actualidadadiario.com\/index.php\/wp-json\/wp\/v2\/posts"}],"about":[{"href":"https:\/\/www.actualidadadiario.com\/index.php\/wp-json\/wp\/v2\/types\/post"}],"author":[{"embeddable":true,"href":"https:\/\/www.actualidadadiario.com\/index.php\/wp-json\/wp\/v2\/users\/3"}],"replies":[{"embeddable":true,"href":"https:\/\/www.actualidadadiario.com\/index.php\/wp-json\/wp\/v2\/comments?post=59297"}],"version-history":[{"count":2,"href":"https:\/\/www.actualidadadiario.com\/index.php\/wp-json\/wp\/v2\/posts\/59297\/revisions"}],"predecessor-version":[{"id":59299,"href":"https:\/\/www.actualidadadiario.com\/index.php\/wp-json\/wp\/v2\/posts\/59297\/revisions\/59299"}],"wp:featuredmedia":[{"embeddable":true,"href":"https:\/\/www.actualidadadiario.com\/index.php\/wp-json\/wp\/v2\/media\/59093"}],"wp:attachment":[{"href":"https:\/\/www.actualidadadiario.com\/index.php\/wp-json\/wp\/v2\/media?parent=59297"}],"wp:term":[{"taxonomy":"category","embeddable":true,"href":"https:\/\/www.actualidadadiario.com\/index.php\/wp-json\/wp\/v2\/categories?post=59297"},{"taxonomy":"post_tag","embeddable":true,"href":"https:\/\/www.actualidadadiario.com\/index.php\/wp-json\/wp\/v2\/tags?post=59297"}],"curies":[{"name":"wp","href":"https:\/\/api.w.org\/{rel}","templated":true}]}}