{"id":59294,"date":"2020-03-24T13:13:28","date_gmt":"2020-03-24T16:13:28","guid":{"rendered":"https:\/\/www.actualidadadiario.com\/?p=59294"},"modified":"2020-03-24T13:13:28","modified_gmt":"2020-03-24T16:13:28","slug":"bordet-visito-la-sala-de-situacion-de-salud-y-dijo-que-se-trabaja-para-la-siguiente-fase-del-coronavirus","status":"publish","type":"post","link":"https:\/\/www.actualidadadiario.com\/index.php\/2020\/03\/24\/bordet-visito-la-sala-de-situacion-de-salud-y-dijo-que-se-trabaja-para-la-siguiente-fase-del-coronavirus\/","title":{"rendered":"Bordet visit\u00f3 la Sala de Situaci\u00f3n de Salud y dijo que se trabaja para la siguiente fase del coronavirus"},"content":{"rendered":"<p style=\"text-align: center;\"><em><strong>El gobernador Gustavo Bordet concurri\u00f3 este lunes junto a la vicegobernadora, Laura Stratta, a la Sala de Situaci\u00f3n Virtual del Ministerio de Salud donde se concentra la informaci\u00f3n sanitaria, en este caso con prioridad en el Covid 19<\/strong><\/em><\/p>\n<p>&nbsp;<\/p>\n<p>&nbsp;<\/p>\n<p>Luego encabez\u00f3 la conferencia de prensa en la Casa Gris y dio cuenta de las acciones que se realizan y de las estrategias que se planifican para la siguiente fase de la pandemia.<\/p>\n<p>El primer mandatario provincial visit\u00f3, la Sala de Situaci\u00f3n Virtual del Ministerio de Salud, ubicada en calle 25 de Mayo, de Paran\u00e1, y mantuvo una reuni\u00f3n con el equipo del Comit\u00e9 de Organizaci\u00f3n de Emergencia de Salud (COES) que all\u00ed funciona para actualizar informaci\u00f3n respecto al coronavirus y definir estrategias.<\/p>\n<p>Luego encabez\u00f3 la conferencia de prensa virtual desde la Casa de Gobierno donde inform\u00f3 sobre las acciones en torno al coronavirus que se vienen realizando desde el gobierno provincial en articulaci\u00f3n con la naci\u00f3n y los municipios, y con la colaboraci\u00f3n de diferentes entidades. Tambi\u00e9n se refiri\u00f3 a las estrategias que se planifican para la pr\u00f3xima fase de la enfermedad.<\/p>\n<p>Participaron adem\u00e1s de la conferencia la ministra de Salud, Sonia Vel\u00e1zquez; el director de Epidemiolog\u00eda, Diego Garcilazo; y el jefe de la Polic\u00eda, Gustavo Maslein.<\/p>\n<p>En principio Bordet inform\u00f3 sobre el trabajo realizado el fin de semana en esta fase de contenci\u00f3n, y dijo que tambi\u00e9n se est\u00e1n tomando decisiones estrat\u00e9gicas para la siguiente fase. Dio cuenta de la tarea de control de las fuerzas de seguridad en las rutas y las ciudades, y destac\u00f3 la articulaci\u00f3n en esa tarea con los municipios. Lo mismo que con el gobierno nacional, sobre todo con el flujo de personas que provienen del exterior para que se controlen y realicen la cuarentena.<\/p>\n<p>Pidi\u00f3 adem\u00e1s responsabilidad para guardar y acatar las medidas de aislamiento, en gran medida en respeto a muchas personas que tendr\u00e1n consecuencias negativas en t\u00e9rminos econ\u00f3micos con esta pandemia.<\/p>\n<p>Adelant\u00f3 que tambi\u00e9n se tomar\u00e1n desde la provincia medidas en concordancia con las que tome la Naci\u00f3n para est\u00edmulo de quienes m\u00e1s sufren las consecuencias de esta emergencia, y destac\u00f3 la inversi\u00f3n que realiza el gobierno en temas sanitarios y hospitalarios.<\/p>\n<p>&nbsp;<\/p>\n<p><strong>Conferencia<\/strong><\/p>\n<p>Al hacer uso de la palabra en la nueva conferencia virtual que se concreta diariamente desde la Sala de Periodistas de la Casa Gris, para actualizar y compartir informaci\u00f3n respecto al coronavirus, el gobernador afirm\u00f3: &#8220;Hemos estado trabajando incesantemente durante el fin de semana y lo continuaremos haciendo de la misma manera. Estamos con todos nuestros equipos de Salud abocados en esta fase de contenci\u00f3n en todo el territorio de la provincia para trabajar sobre los efectos inmediatos que nos representa la pandemia, pero tambi\u00e9n pensando y tomando decisiones estrat\u00e9gica para la siguiente fase que vendr\u00e1 posteriormente\u201d.<\/p>\n<p>\u201cTambi\u00e9n hemos estado con las fuerzas de seguridad trabajando en las rutas entrerrianas, dentro de las ciudades, y en esto hubo una correcta articulaci\u00f3n con todos los intendentes entrerrianos que han estado a la par nuestra, haciendo los controles necesarios para evitar la circulaci\u00f3n de personas y el acceso de aquellas personas que tienen que cumplir con la cuarentena\u201d, dijo y agreg\u00f3: \u201cHay un trabajo muy articulado con el gobierno nacional, con la Direcci\u00f3n de Migraciones, donde recibimos a diario el flujo de personas que vienen el exterior. Todas deben cumplir con la cuarentena y lo est\u00e1n haciendo y estamos realizando los controles peri\u00f3dicamente para constatar que esto efectivamente se cumpla\u201d.<\/p>\n<p>Luego el gobernador expres\u00f3: \u201cHay un gran equipo trabajando y estamos haciendo un gran esfuerzo que sin dudas va a tener repercusiones econ\u00f3micas en el futuro. Por eso hay que pedir responsabilidad a cada una de las personas, a cada familia, de tener estas medidas de autocuidado y aislamiento porque es mucho el esfuerzo que se est\u00e1 haciendo, porque hay muchos recursos humanos que est\u00e1n trabajando denodadamente, porque hay personas que van a tener una merma en sus ingresos producto de esta cuarentena, y en respeto a estas personas es que m\u00ednimamente tenemos que guardar las normas de autocuidado y de estar aislados en nuestros hogares para evitar que se propague el virus. Esto va a resultar clave. Por eso quer\u00eda transmit\u00edrselo y pedirlo de manera fehaciente como lo hemos venido haciendo\u201d.<\/p>\n<p>\u201cDije en la oportunidad anterior que \u00edbamos a ser inflexibles con quienes no cumplan la cuarentena y as\u00ed lo estamos realizando. La Polic\u00eda de Entre R\u00edos ha llevado a cabo 160 detenciones desde que empezamos con la emergencia y seguiremos trabajando para que todos aquellos que infringen la normativa tengan el castigo severo que se merecen porque la mejor forma de cuidarnos es evitar que se circule y que el virus pueda afectar a otros entrerrianos\u201d, acot\u00f3.<\/p>\n<p>A continuaci\u00f3n, afirm\u00f3: \u201cPor otro lado tambi\u00e9n quiero significar que estaremos tomando medidas que vayan en consonancia con las que el gobierno nacional determine para est\u00edmulo de quienes m\u00e1s est\u00e1n sufriendo las consecuencias econ\u00f3micas de esta emergencia\u201d.<\/p>\n<p>\u201cTambi\u00e9n significar que estamos haciendo inversiones muy importantes, destinando dineros p\u00fablicos para poder llegar r\u00e1pidamente con soluciones que nos permitan prever cuando el ciclo m\u00e1s importante que es la fase siguiente llegue a nuestra provincia y nos encuentre preparados. En ese sentido, estamos comprando m\u00e1s de 60 respiradores y esto significa un esfuerzo econ\u00f3mico muy grande para la provincia. Estamos destinando tambi\u00e9n partidas presupuestarias muy grandes para poder r\u00e1pidamente poner en funcionamiento el hospital de la Baxada y tambi\u00e9n arreglando el resto de los hospitales de la provincia\u201d, precis\u00f3 el gobernador.<\/p>\n<p>Luego a\u00f1adi\u00f3 que tambi\u00e9n se trabaja con \u201clos laboratorios entrerrianos y el viernes tendremos la producci\u00f3n de alcohol en gel que ha encargado el gobierno de la provincia de Entre R\u00edos y tambi\u00e9n con otros insumos y tambi\u00e9n en esto quiero destacar el gesto solidario de muchas mujeres fundamentalmente que est\u00e1n trabajando fuertemente en la confecci\u00f3n de insumos y ropa de trabajo\u201d.<\/p>\n<p>Bordet resalt\u00f3 el \u201cgran esfuerzo que estamos realizando que tambi\u00e9n lo est\u00e1 realizando el sector privado. Entre todos estamos llevando adelante esta emergencia para poder transitarla y superarla sin que se pueda propagar el virus y que los efectos sean los m\u00ednimos que puedan existir\u201d. Y agradeci\u00f3 \u201ca todas las personas que est\u00e1n trabajando fuertemente y de manera an\u00f3nima todos los d\u00edas, especialmente a todos los agentes de salud, tanto p\u00fablica como privada que a lo largo y ancho de toda la provincia de Entre R\u00edos llevan adelante su tarea y lo hacen con mucha convicci\u00f3n y compromiso. Tambi\u00e9n al personal de comedores que est\u00e1n cocinando y que est\u00e1n llevando las raciones alimentarias a quienes m\u00e1s lo necesitan; a la fuerza de seguridad, a la Polic\u00eda de la provincia de Entre R\u00edos que desde el primer d\u00eda ha trabajado siguiendo las instrucciones para evitar que aquellos que violen las normativas impuestas tengan el castigo que se merecen. Y tambi\u00e9n quiero llevar el reconocimiento y agradecimiento a todas las personas que atienden desde una caja de supermercado que est\u00e1n al frente de un emprendimiento que tenga que ver con la mitigaci\u00f3n de esta crisis\u201d.<\/p>\n<p>\u201cSon muchos los entrerrianos y entrerrianas que trabajan con este compromiso. Repito en honor a ellos, por respeto a ellos, debemos autocuidarnos, debemos quedarnos en nuestros hogares solo as\u00ed podremos superar esta emergencia que nos tiene muy preocupado a todos\u201d, afirm\u00f3 Bordet.<\/p>\n<p>Luego, el gobernador sostuvo &#8220;que se est\u00e1 en permanente contacto con el presidente de la Naci\u00f3n y con los gobernadores de las otras provincias. Este es un problema que ata\u00f1e a todos, y que no se puede trabajar aisladamente. Tambi\u00e9n tenemos contacto con los intendentes de la provincia. Trabajamos bajo una unidad de mando, con centralizaci\u00f3n de decisiones para aplicarlas de la mejor manera y m\u00e1s efectiva en cada lugar de la provincia&#8221;.<\/p>\n<p>Dicho esto, insisti\u00f3 en que &#8220;resulta fundamental el tener el contacto estrecho y cercano, y tomar medidas que sirvan desde la estrategia del conjunto&#8221;.<\/p>\n<p>Al finalizar, Bordet agradeci\u00f3 a todos los entrerrianos por \u201cla solidaridad que se necesita en estos momentos de emergencia\u201d. Tambi\u00e9n \u201ca los medios de comunicaci\u00f3n por informar con mucha responsabilidad y por trabajar en la difusi\u00f3n de lo que la emergencia hoy nos est\u00e1 reclamando\u201d.<\/p>\n<p>Adem\u00e1s, pidi\u00f3 \u201ca muchos vecinos y vecinas de nuestra provincia que no hagan circular mensajes que son falsos por distintas cadenas de redes, atenernos a lo que es informaci\u00f3n oficial y para esto todos los d\u00edas desde la provincia de Entre R\u00edos vamos a estar comunicando\u201d.<\/p>\n<p>\u201cEstamos en contacto, y para esto quiero reiterar los tel\u00e9fonos donde se puede acudir, por denuncias por incumplimiento de la cuarentena, hay que llamar al 911 o al 101 y por cualquier otra consulta o s\u00edntomas, al 0800 que hemos habilitado especialmente. 0800 777 8476, all\u00ed se podr\u00e1n evacuar todas las dudas, consultas y por sobre todo, para quienes presentes s\u00edntomas\u201d, cerr\u00f3.<\/p>\n<p>&nbsp;<\/p>\n<p><strong>Otras explicaciones<\/strong><\/p>\n<p>Por su parte la ministra de Salud, Sonia Vel\u00e1zquez, record\u00f3 que desde el Ministerio de Salud de la provincia de Entre R\u00edos, \u201cestamos desarrollando denodados esfuerzos para poder llevar adelante todo el plan de trabajo que venimos desarrollando desde el d\u00eda 2 de marzo que constituimos el Coes, Comit\u00e9 de Emergencia Sanitaria\u201d.<\/p>\n<p>En ese sentido, Vel\u00e1zquez, indic\u00f3 que desde el ministerio de Salud en las \u00faltimas 48 horas han desarrollado toda una profundizaci\u00f3n para el nivel operativo de organizaci\u00f3n de los sistemas de salud para poder constituir una actuaci\u00f3n y atenci\u00f3n diferenciada para el componente de aislamiento en relaci\u00f3n a la circulaci\u00f3n del virus respiratorio. Y explic\u00f3 que eso, \u201cse complementa con todo lo que hemos desarrollado desde el primer nivel de atenci\u00f3n en donde cada uno de sus centro de salud y sus efectores de salud tienen nominalizada la poblaci\u00f3n con factores de riesgo, es ah\u00ed donde nosotros tambi\u00e9n fortalecido el desarrollo y la acci\u00f3n de los distintitos equipos de salud\u201d.<\/p>\n<p>En lo que respecta al acompa\u00f1amiento y articulaci\u00f3n, la ministra que en el nivel t\u00e9cnico \u201cnuestros expertos nos siguen acompa\u00f1ando, como nos acompa\u00f1aron ayer en la tarde mediante una video conferencia desde el Ministerio de Salud de la Naci\u00f3n en l\u00ednea con todos los ministros de salud del pa\u00eds. Es en ese sentido que hemos recibido las recomendaciones t\u00e9cnicas y la actualizaci\u00f3n de protocolos y compartimos distintas experiencias que nos enriquecieron, de la misma manera que nosotros compartimos las nuestras&#8221;.<\/p>\n<p>Respecto al trabajo que se viene realizado, la ministra de Salud dijo que &#8220;hay equipos de Salud de m\u00e1s de 10 personas trabajando en forma simult\u00e1nea en distintos lugares, respetando la cuarentena pero tambi\u00e9n acompa\u00f1ando este fortalecimiento en cuanto al desarrollo de un plan de trabajo rector para la provincia de Entre R\u00edos&#8221;.<\/p>\n<p>Y a\u00f1adi\u00f3 que, desde el punto de vista comunicacional, desde el COES se centraliz\u00f3 la informaci\u00f3n &#8220;con el rigor \u00e9tico y el valor que nos cabe al informar tanto la confidencialidad del dato como tambi\u00e9n el rigor y la certeza de que estamos trabajando en el buen camino&#8221;, indic\u00f3.<\/p>\n<p>&#8220;Los trabajadores y equipos de Salud est\u00e1n trabajando denodadamente para acompa\u00f1ar y esperando responsabilidad de cada uno de los entrerrianos&#8221;, expres\u00f3 finalmente Sonia Vel\u00e1zquez.<\/p>\n<p>Por su parte, el director de Epidemiolog\u00eda, Diego Garcilazo, expuso el mapa de situaci\u00f3n actual en la provincia e inform\u00f3 que los casos confirmados son cuatro, 20 fueron descartados y 20 contin\u00faan en estudio. &#8220;Estos son los datos con los resultados de laboratorio pero tambi\u00e9n hay que tener en cuenta que desde que se produce el contagio hasta que se realiza el diagn\u00f3stico lleva un tiempo. Por eso es muy importante seguir teniendo en cuenta todas las medidas relacionadas al control para evitar la transmisi\u00f3n de la enfermedad&#8221;, afirm\u00f3 el funcionario.<\/p>\n<p>Adem\u00e1s, reiter\u00f3 que est\u00e1n evaluando semana a semana &#8220;los casos que van entrando en estudio, los cuales se han visto duplicados&#8221;.<\/p>\n<p>El jefe de la Polic\u00eda de Entre R\u00edos, Gustavo Maslein, inform\u00f3 que la fuerza trabaja a lo largo de la provincia con despliegue de personal y de medios, lo que llev\u00f3 a la detenci\u00f3n de &#8220;160 personas por incumplimiento del decreto nacional; 1.300 personas notificadas de la cuarentena; 1.000 actas labradas por el incumplimiento primario del decreto. Este trabajo se realiza de manera mancomunada con otros organismos del Estado, el cual es muy intenso&#8221;.<\/p>\n<p>Y, por \u00faltimo, pidi\u00f3 a los entrerrianos &#8220;colaboraci\u00f3n con la fuerza, que se queden en casa, porque solos no podemos, necesitamos s\u00ed o s\u00ed de la colaboraci\u00f3n de todos&#8221;.<\/p>\n<p>&nbsp;<\/p>\n<p><strong>Respuestas<\/strong><\/p>\n<p>Como es habitual en la conferencia, luego de las explicaciones tanto el gobernador como los dem\u00e1s funcionarios respondieron preguntas virtuales realizadas por medios de comunicaci\u00f3n.<\/p>\n<p>&nbsp;<\/p>\n<p><strong>Contacto permanente<\/strong><\/p>\n<p>En este marco, el gobernador Bordet sostuvo que est\u00e1 en permanente contacto con el Presidente de la Naci\u00f3n y con los gobernadores de las otras provincias. \u201cEste es un problema que ata\u00f1e a todos, y que no se puede trabajar aisladamente. Tambi\u00e9n tenemos contacto con los intendentes de la provincia. Trabajamos bajo una unidad de mando, con centralizaci\u00f3n de decisiones para aplicarlas de la mejor manera y m\u00e1s efectiva en cada lugar de la provincia&#8221;.<\/p>\n<p>Insisti\u00f3 en que &#8220;resulta fundamental el tener el contacto estrecho y cercano, y tomar medidas que sirvan desde la estrategia del conjunto&#8221;.<\/p>\n<p>En tanto, la ministra de Salud, Sonia Vel\u00e1zquez, inform\u00f3 que mantuvo una reuni\u00f3n con el Ej\u00e9rcito y a la Fuerza A\u00e9rea, delegaci\u00f3n Paran\u00e1. Detall\u00f3 que lo presidi\u00f3 la vicegobernadora Laura Stratta y los ministros, e indic\u00f3 que se integraron al comit\u00e9 interinstitucional del gobierno entrerriano. &#8220;Se ha ofrecido todos los elementos disponibles, desde carpas estructurales hasta hangares de las Fuerzas A\u00e9reas. Son recursos que tenemos disponible para planear la organizaci\u00f3n que se requiere&#8221;.<\/p>\n<p>&nbsp;<\/p>\n<p><strong>Transmisi\u00f3n comunitaria<\/strong><\/p>\n<p>El director de Epidemiolog\u00eda, Diego Garcilazo, precis\u00f3 que por el momento en Entre R\u00edos &#8220;no tenemos casos sospechosos que hayan sido de transmisi\u00f3n comunitaria, si estamos trabajando con las otras direcciones de epidemiolog\u00eda de todo el pa\u00eds y se va a empezar a realizar algunos estudios de lo que nosotros llamamos unidades centinelas para poder ir detectando tambi\u00e9n algunos casos de personas que no tengan antecedentes de viaje o que no hayan sido contacto estrecho&#8221;.<\/p>\n<p>Aclar\u00f3, que &#8220;si entran en ese criterio podr\u00eda llegar a detectar esos casos en aquellas personas que tengan alguna infecci\u00f3n respiratoria moderada a grave que hoy se est\u00e1n estudiando aquellos que no tengan antecedentes de viaje. Pero hasta el momento no hemos tenido ninguna confirmaci\u00f3n de estos tipos de casos, los que tenemos hasta ahora son casos de personas que han viajado al exterior un caso de lo que se llama transmisi\u00f3n local de una persona que ha sido contacto estrecho de un caso confirmado por viaje al exterior&#8221;.<\/p>\n<p>Garcilazo asegur\u00f3 que &#8220;todas las medidas que se toman est\u00e1n relacionadas a datos concretos que se puedan evaluar desde el punto de vista epidemiol\u00f3gico, tanto en el pa\u00eds como en el mundo, en el pa\u00eds como en nuestra provincia. Cuando hay una evidencia desde el punto de vista epidemiol\u00f3gico de alg\u00fan cambio, eso autom\u00e1ticamente genera las medidas que se requieran tomar&#8221;.<\/p>\n<p>Reiter\u00f3 que &#8220;hasta el momento nuestra provincia est\u00e1 en la situaci\u00f3n de casos de personas que han tenido antecedentes de viajo y un s\u00f3lo caso de lo que se llama trasmisi\u00f3n local, por lo que las medidas que se est\u00e1n tomando est\u00e1n asociadas a la situaci\u00f3n epidemiol\u00f3gica&#8221;.<\/p>\n<p>Sobre la posibilidad de que se implementen medias en la frontera con la provincia de Buenos Aires, Garcilazo se\u00f1al\u00f3 que &#8220;es un tema que se discuti\u00f3 con los directores de Epidemiolog\u00eda nacionales y con la Direcci\u00f3n Nacional de Epidemiolog\u00eda. Hoy no se considera Buenos Aires como a las personas que viajan del exterior; hoy los que van a entrar en estudios son aquellas personas que hayan tenido antecedente de viaje al exterior, sin importar qu\u00e9 pa\u00eds; y tambi\u00e9n las que tengan cuadros respiratorios moderados a graves, se van a estudiar todos sin importar el antecedente de viaje&#8221;.<\/p>\n<p>Reiter\u00f3 que &#8220;los casos que est\u00e1n en estudio, descartados y confirmados, son todos casos que se han enviado al Malbr\u00e1n, se hace semanalmente; en este momento son 20 env\u00edos m\u00e1s o menos. Nosotros lo que esperamos y en lo que estamos trabajando a nivel nacional es en la descentralizaci\u00f3n en todo el pa\u00eds de los laboratorios. Sin embargo, las medidas que se tienen que tomar frente a los pacientes no van a estar modificadas directamente por si el resultados es positivo o negativo, las personas tienen que estar aisladas ante casos sospechosos hasta esperar el resultado, as\u00ed demoren 24 o 72 horas o una semana&#8221;.<\/p>\n<p>&#8220;Es importante tener en cuenta esta situaci\u00f3n, que m\u00e1s all\u00e1 de los tiempos de los laboratorios, las medidas que se est\u00e1n tomando son las que se tienen que tomar y las correctas; eso no va a influir en la situaci\u00f3n epidemiol\u00f3gica, si puede influir en cuanto al tiempo en que una persona puede o no estar aislada&#8221;, subray\u00f3.<\/p>\n<p>En relaci\u00f3n a los laboratorios, el facultativo dijo que &#8220;hay que tener en cuenta que para estos estudios que se hacen para vigilancia y contenci\u00f3n se requiere un tipo de estudio que se llama PCR Real Time, que no est\u00e1 disponible en todo el pa\u00eds en cualquier laboratorio, son muy pocos los que lo tienen; nosotros estamos en condiciones de hacerlo, pero tambi\u00e9n se requieren reactivos que est\u00e9n validados no s\u00f3lo por el Malbr\u00e1n, sino tambi\u00e9n por el Anmat, porque tenemos que certificar lo m\u00e1s r\u00e1pido posible que si esa persona da positivo sea as\u00ed; y si da negativo, sea as\u00ed. Eso tambi\u00e9n es importante para el momento posterior, una vez que el paciente termina sus s\u00edntomas, para poder dar el alta y certificar que no sigue contagiando el virus por m\u00e1s que no tenga s\u00edntomas&#8221;.<\/p>\n<p>&#8220;Por lo tanto es fundamental el trabajo que se tiene que hacer; que la descentralizaci\u00f3n sea organizada y responsable en este aspecto&#8221;, apunt\u00f3.<\/p>\n<p>Descart\u00f3 que en esta fase fueran \u00fatiles: &#8220;Hoy lo que se necesita es la tecnolog\u00eda que es la que tiene el Malbr\u00e1n, y que ir\u00e1 descentralizando progresivamente a todos el pa\u00eds&#8221;.<\/p>\n<p>En cuanto al uso de los cajeros, Garcilazo insisti\u00f3 en que &#8220;las medidas de la poblaci\u00f3n en general est\u00e1n relacionadas al lavado de manos. Esto es fundamental para todas las personas que salen&#8221;. En ese marco, se refiri\u00f3 a uso de guantes y barbijos al decir que &#8220;esto genera una falta sensaci\u00f3n de seguridad&#8221;.<\/p>\n<p>Explic\u00f3 que el virus ingresa a trav\u00e9s de la mucosa y reiter\u00f3 la importancia de saber utilizar, colocar y sacar los equipos de protecci\u00f3n, dijo entonces que se genera una \u201cfalsa sensaci\u00f3n de seguridad, el virus no va a entrar a trav\u00e9s de la piel sino que va a ser a trav\u00e9s de las mucosas. Vemos que mucha gente est\u00e1 usando guantes para utilizar cualquier utensilio o cuando est\u00e1 afuera de su casa y despu\u00e9s autom\u00e1ticamente se toca la cara y es la misma situaci\u00f3n que si no tuviera los guantes\u201d.<\/p>\n<p>\u201cAc\u00e1 hay que tener en cuenta que los equipos de protecci\u00f3n personal principalmente hay que saber utilizarlos, saber pon\u00e9rselos, c\u00f3mo se sacan y es fundamental que se el personal de salud el que utilice estos equipos porque es el que va a estar m\u00e1s expuesto y en contacto con el virus directamente\u201d, apunt\u00f3.<\/p>\n<p>En ese sentido, aclar\u00f3 que \u201clas personas comunes lo que tienen que hacer es lo que estamos recomendando diariamente, cumplir a rajatabla el aislamiento y lavarse las manos habitualmente, tener todos la ambientes lo m\u00e1s aireados posible y b\u00e1sicamente tener en cuenta eso, no utilizar ninguna otra medida extraordinaria\u201d.<\/p>\n<p>Respecto de la proyecci\u00f3n del pico de circulaci\u00f3n del virus, Garcilazo explic\u00f3 que &#8220;generalmente lo que se ha observado en los otros pa\u00edses, la experiencia que tenemos con lo que ha pasado en Europa, generalmente desde la aparici\u00f3n del primer caso hasta el pico o lo que llamamos la curva exponencial, comienza aproximadamente 30 a 40 d\u00edas despu\u00e9s del primer caso. Esto es muy variable, no es una cuesti\u00f3n exacta ni matem\u00e1tica pero eso es lo que tenemos como experiencia y lo que estamos observando en los dem\u00e1s pa\u00edses\u201d.<\/p>\n<p>Por \u00faltimo, indic\u00f3 que \u201cestamos viendo un crecimiento exponencial del n\u00famero de casos que est\u00e1n en estudio, por lo tanto consideramos que en las pr\u00f3ximas semanas vamos se va a empezar a ver el aumento de casos en estudio y confirmados\u201d.<\/p>\n<p>&nbsp;<\/p>\n<p><strong>Tr\u00e1nsito por cosecha<\/strong><\/p>\n<p>Por su parte, el jefe de la Polic\u00eda de Entre R\u00edos, Gustavo Maslein, explic\u00f3 que el tr\u00e1nsito de trabajadores de la cosecha citr\u00edcola esta dentro de las excepciones mencionadas en el decreto nacional. &#8220;por su puesto si el empleador tiene una constancia, una certificaci\u00f3n para el empleado que debe viajar de un lugar a otro, mejor para el personal que esta de contralor en los distintos operativos&#8221;.<\/p>\n","protected":false},"excerpt":{"rendered":"<p>El gobernador Gustavo Bordet concurri\u00f3 este lunes junto a la vicegobernadora, Laura Stratta, a la Sala de Situaci\u00f3n Virtual del Ministerio de Salud donde se concentra la informaci\u00f3n sanitaria, en este caso con prioridad en el Covid 19 &nbsp; &nbsp; Luego encabez\u00f3 la conferencia de prensa en la Casa Gris y dio cuenta de las acciones que se realizan y de las estrategias que se planifican para la siguiente fase de la pandemia. El primer mandatario provincial visit\u00f3, la Sala de Situaci\u00f3n Virtual del Ministerio de Salud, ubicada en calle&#8230;<\/p>\n","protected":false},"author":3,"featured_media":59295,"comment_status":"closed","ping_status":"closed","sticky":false,"template":"","format":"standard","meta":[],"categories":[9],"tags":[],"_links":{"self":[{"href":"https:\/\/www.actualidadadiario.com\/index.php\/wp-json\/wp\/v2\/posts\/59294"}],"collection":[{"href":"https:\/\/www.actualidadadiario.com\/index.php\/wp-json\/wp\/v2\/posts"}],"about":[{"href":"https:\/\/www.actualidadadiario.com\/index.php\/wp-json\/wp\/v2\/types\/post"}],"author":[{"embeddable":true,"href":"https:\/\/www.actualidadadiario.com\/index.php\/wp-json\/wp\/v2\/users\/3"}],"replies":[{"embeddable":true,"href":"https:\/\/www.actualidadadiario.com\/index.php\/wp-json\/wp\/v2\/comments?post=59294"}],"version-history":[{"count":1,"href":"https:\/\/www.actualidadadiario.com\/index.php\/wp-json\/wp\/v2\/posts\/59294\/revisions"}],"predecessor-version":[{"id":59296,"href":"https:\/\/www.actualidadadiario.com\/index.php\/wp-json\/wp\/v2\/posts\/59294\/revisions\/59296"}],"wp:featuredmedia":[{"embeddable":true,"href":"https:\/\/www.actualidadadiario.com\/index.php\/wp-json\/wp\/v2\/media\/59295"}],"wp:attachment":[{"href":"https:\/\/www.actualidadadiario.com\/index.php\/wp-json\/wp\/v2\/media?parent=59294"}],"wp:term":[{"taxonomy":"category","embeddable":true,"href":"https:\/\/www.actualidadadiario.com\/index.php\/wp-json\/wp\/v2\/categories?post=59294"},{"taxonomy":"post_tag","embeddable":true,"href":"https:\/\/www.actualidadadiario.com\/index.php\/wp-json\/wp\/v2\/tags?post=59294"}],"curies":[{"name":"wp","href":"https:\/\/api.w.org\/{rel}","templated":true}]}}