{"id":59287,"date":"2020-03-20T12:32:39","date_gmt":"2020-03-20T15:32:39","guid":{"rendered":"https:\/\/www.actualidadadiario.com\/?p=59287"},"modified":"2020-03-20T12:32:39","modified_gmt":"2020-03-20T15:32:39","slug":"por-la-cuarentena-prorrogan-las-protecciones-por-la-violencia-de-genero","status":"publish","type":"post","link":"https:\/\/www.actualidadadiario.com\/index.php\/2020\/03\/20\/por-la-cuarentena-prorrogan-las-protecciones-por-la-violencia-de-genero\/","title":{"rendered":"Por la cuarentena, prorrogan las protecciones por la violencia de g\u00e9nero"},"content":{"rendered":"<p style=\"text-align: center;\"><em><strong>Las medidas cautelares en favor de las mujeres v\u00edctimas se prolongan autom\u00e1ticamente por dos meses<\/strong><\/em><\/p>\n<p>&nbsp;<\/p>\n<p>&nbsp;<\/p>\n<p>La Superintendencia de la C\u00e1mara Nacional en lo Civil orden\u00f3 este jueves prorrogar autom\u00e1ticamente por sesenta d\u00edas las medidas cautelares de protecci\u00f3n para v\u00edctimas de violencia de g\u00e9nero que vencieron en los \u00faltimos 40 d\u00edas o lo hacen dentro de la cuarentena por el coronavirus. Esto incluye medidas como exclusiones del hogar, prohibici\u00f3n de acercamiento y contacto, per\u00edmetros de exclusi\u00f3n y otorgamiento de dispositivos como botones antip\u00e1nico y tobilleras, entre otras. La resoluci\u00f3n fue tomada luego de que las 24 juezas y jueces de Familia de la ciudad de Buenos Aires le hicieran el mi\u00e9rcoles, a trav\u00e9s de una carta, un pedido en ese sentido, en l\u00ednea con un reclamo similar realizado por la Comisi\u00f3n de Tem\u00e1ticas de G\u00e9nero de la Defensor\u00eda General de la Naci\u00f3n, para evitar que las mujeres tuvieran que dirigirse a los tribunales y dado que los juzgados est\u00e1n trabajando con personal reducido por la emergencia originada en la pandemia del covid-19. \u201cEs necesario que las provincias tomen medidas en el mismo sentido\u201d, advirti\u00f3 Raquel Asensio, titular de la Comisi\u00f3n de Tem\u00e1ticas de G\u00e9nero de la DGN.<\/p>\n<p>En las \u00faltimas horas, desde ONU Mujeres y el Comit\u00e9 de Expertas que realizan el seguimiento de la aplicaci\u00f3n en los pa\u00edses de la Convenci\u00f3n Interamericana para prevenir, sancionar y erradicar la violencia contra las mujeres (conocida como Convenci\u00f3n de Bel\u00e9n do Par\u00e1) se exhort\u00f3 a los gobiernos a reforzar las acciones para la prevenci\u00f3n y atenci\u00f3n de la violencia machista, al entender, que el encierro obligado por la cuarentena puede agravar las situaciones de maltrato y agresiones en el \u00e1mbito dom\u00e9stico.<\/p>\n<p>Tal como inform\u00f3 este diario, la Comisi\u00f3n de Tem\u00e1ticas de G\u00e9nero del Ministerio P\u00fablico de la Defensa reclam\u00f3 medidas para garantizar la vigencia de las cautelares sin que las mujeres tengan que tramitar su renovaci\u00f3n, para evitar aglomeraciones en los juzgados. Un pedido similar hicieron las 24 juezas y jueces de Familia.<\/p>\n<p>Con la resoluci\u00f3n de la C\u00e1mara, las mujeres no tendr\u00e1n que renovar las medidas de protecci\u00f3n que hayan vencido en los \u00faltimos 40 d\u00edas o lo hagan en estos d\u00edas de cuarentena. \u201cLa idea es que si necesita auxilio, la polic\u00eda tiene que ayudarla como si el papel que tiene del tribunal vale por 60 d\u00edas m\u00e1s\u201d, explic\u00f3 una jueza de Familia a este diario.<\/p>\n<p>La acordada, de cuatro p\u00e1ginas, fue firmada por el presidente de la Superitendencia de la C\u00e1mara, Oscar Jos\u00e9 Ameal, y las vicepresidentas Mar\u00eda Mabel Benavente y Marcela P\u00e9rez Pardo. La medida alcanza a las causas que tramitan en la justicia nacional, es decir, las del \u00e1mbito de la ciudad de Buenos Aires y se fundamenta en que los juzgados \u201cno poseen capacidad operativa para actualizar todas las causas de violencia familiar que tengan medidas sujetas a vencimiento\u201d, debido a que est\u00e1n trabajando cuatro funcionarios y funcionarias por tribunal, luego de que la Corte Suprema dispuso esta semana asueto para el resto del personal administrativo para que cumpla con el aislamiento social. La C\u00e1mara tuvo en cuenta que les magistrades alertaron que \u201cla crisis sanitaria y econ\u00f3mica puede potenciar factores de riesgo en muchas familias con antecedentes de violencia al forzarse la convivencia\u201d.<\/p>\n<p>\u201cLa acordada de la C\u00e1mara es muy importante porque permite proteger los derechos de las v\u00edctimas de violencias, y liberar los recursos judiciales para que puedan concentrarse en la atenci\u00f3n de denuncias nuevas. Y al mismo tiempo descomprimir la presencia de gente en la calle y los tribunales\u201d, se\u00f1al\u00f3 Asensio.<\/p>\n","protected":false},"excerpt":{"rendered":"<p>Las medidas cautelares en favor de las mujeres v\u00edctimas se prolongan autom\u00e1ticamente por dos meses &nbsp; &nbsp; La Superintendencia de la C\u00e1mara Nacional en lo Civil orden\u00f3 este jueves prorrogar autom\u00e1ticamente por sesenta d\u00edas las medidas cautelares de protecci\u00f3n para v\u00edctimas de violencia de g\u00e9nero que vencieron en los \u00faltimos 40 d\u00edas o lo hacen dentro de la cuarentena por el coronavirus. Esto incluye medidas como exclusiones del hogar, prohibici\u00f3n de acercamiento y contacto, per\u00edmetros de exclusi\u00f3n y otorgamiento de dispositivos como botones antip\u00e1nico y tobilleras, entre otras. La resoluci\u00f3n&#8230;<\/p>\n","protected":false},"author":3,"featured_media":59214,"comment_status":"closed","ping_status":"closed","sticky":false,"template":"","format":"standard","meta":[],"categories":[4],"tags":[],"_links":{"self":[{"href":"https:\/\/www.actualidadadiario.com\/index.php\/wp-json\/wp\/v2\/posts\/59287"}],"collection":[{"href":"https:\/\/www.actualidadadiario.com\/index.php\/wp-json\/wp\/v2\/posts"}],"about":[{"href":"https:\/\/www.actualidadadiario.com\/index.php\/wp-json\/wp\/v2\/types\/post"}],"author":[{"embeddable":true,"href":"https:\/\/www.actualidadadiario.com\/index.php\/wp-json\/wp\/v2\/users\/3"}],"replies":[{"embeddable":true,"href":"https:\/\/www.actualidadadiario.com\/index.php\/wp-json\/wp\/v2\/comments?post=59287"}],"version-history":[{"count":1,"href":"https:\/\/www.actualidadadiario.com\/index.php\/wp-json\/wp\/v2\/posts\/59287\/revisions"}],"predecessor-version":[{"id":59288,"href":"https:\/\/www.actualidadadiario.com\/index.php\/wp-json\/wp\/v2\/posts\/59287\/revisions\/59288"}],"wp:featuredmedia":[{"embeddable":true,"href":"https:\/\/www.actualidadadiario.com\/index.php\/wp-json\/wp\/v2\/media\/59214"}],"wp:attachment":[{"href":"https:\/\/www.actualidadadiario.com\/index.php\/wp-json\/wp\/v2\/media?parent=59287"}],"wp:term":[{"taxonomy":"category","embeddable":true,"href":"https:\/\/www.actualidadadiario.com\/index.php\/wp-json\/wp\/v2\/categories?post=59287"},{"taxonomy":"post_tag","embeddable":true,"href":"https:\/\/www.actualidadadiario.com\/index.php\/wp-json\/wp\/v2\/tags?post=59287"}],"curies":[{"name":"wp","href":"https:\/\/api.w.org\/{rel}","templated":true}]}}