{"id":59285,"date":"2020-03-20T12:31:57","date_gmt":"2020-03-20T15:31:57","guid":{"rendered":"https:\/\/www.actualidadadiario.com\/?p=59285"},"modified":"2020-03-20T12:31:57","modified_gmt":"2020-03-20T15:31:57","slug":"onu-crisis-sanitaria-global-sin-precedentes-en-la-historia","status":"publish","type":"post","link":"https:\/\/www.actualidadadiario.com\/index.php\/2020\/03\/20\/onu-crisis-sanitaria-global-sin-precedentes-en-la-historia\/","title":{"rendered":"ONU: crisis sanitaria global sin precedentes en la historia"},"content":{"rendered":"<p style=\"text-align: center;\"><em><strong>Ante la emergencia por el avance del coronavirus, la Organizaci\u00f3n de Naciones Unidas (ONU) activ\u00f3 la alarma ante una crisis sanitaria global y sin precedentes en sus 75 a\u00f1os de historia. Incluso, remarc\u00f3 que si no se toman las medidas necesarias antes de que sea tarde, esto \u201cmatar\u00e1 a millones de personas\u201d<\/strong><\/em><\/p>\n<p>&nbsp;<\/p>\n<p>Incluso, no duda en adelantar un horizonte sombr\u00edo: \u201cEs casi una certeza que la crisis conducir\u00e1 a una recesi\u00f3n global de dimensiones r\u00e9cord\u201d. As\u00ed lo aventur\u00f3 el secretario general de Naciones Unidas, Antonio Guterres, replicando el slogan de muchos l\u00edderes globales: \u201cEstamos en guerra contra un enemigo com\u00fan\u201d, el COVID-19.<\/p>\n<p>Hasta la fecha, son cerca de 9300 los muertos en el mundo por coronavirus. En Italia, los 3405 fallecidos ya superaron todas las marcas de China, el pa\u00eds epicentro del virus. Ante esto, Europa se transform\u00f3 en el epicentro de la pandemia: miles y miles de casos por d\u00eda, jefes de Estados infectados y altos directivos institucionales bajo cuarentena.<\/p>\n<p>El mismo dr\u00e1stico escenario se traslada a Francia, Reino Unido y Espa\u00f1a que, como Italia, lidera la cantidad de casos bajo cuarentena obligada. Fuera de los l\u00edmites europeos, Ir\u00e1n es el pa\u00eds m\u00e1s afectado con al menos 18 mil contagios y 1.200 muertes. Incluso, se cree que la realidad cantidad de casos positivos sean m\u00e1s.<\/p>\n<p>Del otro lado del oc\u00e9ano Atl\u00e1ntico, Estados Unidos ya super\u00f3 los 10.000 casos con un aumento en las \u00faltimas 24 horas. El presidente Donald Trump, quien hab\u00eda minimizado el virus, ya tom\u00f3 decisiones m\u00e1s severas. La gran duda es Rusia, que hasta la fecha \u201cs\u00f3lo\u201d declara 200 casos. La ONU est\u00e1 preocupada: un virus menos letal que los anteriores, no para de expandirse en todo el planeta.<\/p>\n","protected":false},"excerpt":{"rendered":"<p>Ante la emergencia por el avance del coronavirus, la Organizaci\u00f3n de Naciones Unidas (ONU) activ\u00f3 la alarma ante una crisis sanitaria global y sin precedentes en sus 75 a\u00f1os de historia. Incluso, remarc\u00f3 que si no se toman las medidas necesarias antes de que sea tarde, esto \u201cmatar\u00e1 a millones de personas\u201d &nbsp; Incluso, no duda en adelantar un horizonte sombr\u00edo: \u201cEs casi una certeza que la crisis conducir\u00e1 a una recesi\u00f3n global de dimensiones r\u00e9cord\u201d. As\u00ed lo aventur\u00f3 el secretario general de Naciones Unidas, Antonio Guterres, replicando el slogan&#8230;<\/p>\n","protected":false},"author":3,"featured_media":57164,"comment_status":"closed","ping_status":"closed","sticky":false,"template":"","format":"standard","meta":[],"categories":[4],"tags":[],"_links":{"self":[{"href":"https:\/\/www.actualidadadiario.com\/index.php\/wp-json\/wp\/v2\/posts\/59285"}],"collection":[{"href":"https:\/\/www.actualidadadiario.com\/index.php\/wp-json\/wp\/v2\/posts"}],"about":[{"href":"https:\/\/www.actualidadadiario.com\/index.php\/wp-json\/wp\/v2\/types\/post"}],"author":[{"embeddable":true,"href":"https:\/\/www.actualidadadiario.com\/index.php\/wp-json\/wp\/v2\/users\/3"}],"replies":[{"embeddable":true,"href":"https:\/\/www.actualidadadiario.com\/index.php\/wp-json\/wp\/v2\/comments?post=59285"}],"version-history":[{"count":1,"href":"https:\/\/www.actualidadadiario.com\/index.php\/wp-json\/wp\/v2\/posts\/59285\/revisions"}],"predecessor-version":[{"id":59286,"href":"https:\/\/www.actualidadadiario.com\/index.php\/wp-json\/wp\/v2\/posts\/59285\/revisions\/59286"}],"wp:featuredmedia":[{"embeddable":true,"href":"https:\/\/www.actualidadadiario.com\/index.php\/wp-json\/wp\/v2\/media\/57164"}],"wp:attachment":[{"href":"https:\/\/www.actualidadadiario.com\/index.php\/wp-json\/wp\/v2\/media?parent=59285"}],"wp:term":[{"taxonomy":"category","embeddable":true,"href":"https:\/\/www.actualidadadiario.com\/index.php\/wp-json\/wp\/v2\/categories?post=59285"},{"taxonomy":"post_tag","embeddable":true,"href":"https:\/\/www.actualidadadiario.com\/index.php\/wp-json\/wp\/v2\/tags?post=59285"}],"curies":[{"name":"wp","href":"https:\/\/api.w.org\/{rel}","templated":true}]}}