{"id":59276,"date":"2020-03-20T12:29:51","date_gmt":"2020-03-20T15:29:51","guid":{"rendered":"https:\/\/www.actualidadadiario.com\/?p=59276"},"modified":"2020-03-20T12:29:51","modified_gmt":"2020-03-20T15:29:51","slug":"fabrica-cordobesa-de-respiradores-suspendio-exportacion-y-cuadruplico-produccion","status":"publish","type":"post","link":"https:\/\/www.actualidadadiario.com\/index.php\/2020\/03\/20\/fabrica-cordobesa-de-respiradores-suspendio-exportacion-y-cuadruplico-produccion\/","title":{"rendered":"F\u00e1brica cordobesa de respiradores suspendi\u00f3 exportaci\u00f3n y cuadruplic\u00f3 producci\u00f3n"},"content":{"rendered":"<p style=\"text-align: center;\"><em><strong>Tecme ya entreg\u00f3 250 aparatos y tiene otros 500 en espera. Tom\u00f3 nuevo personal y trabaja junto a instituciones p\u00fablicas y privadas<\/strong><\/em><\/p>\n<p>&nbsp;<\/p>\n<p>&nbsp;<\/p>\n<p>Se sabe que la declaraci\u00f3n de pandemia y el avance del coronavirus cambiaron dr\u00e1sticamente, adem\u00e1s del d\u00eda a d\u00eda personal, el sendero por el que transita la econom\u00eda.<\/p>\n<p>En ese camino, la f\u00e1brica de respiradores artificiales Tecme, que tiene su planta de m\u00e1s de 4.500 metros cuadrados en la avenida Circunvalaci\u00f3n de C\u00f3rdoba, tom\u00f3 la decisi\u00f3n de dejar de exportar para meterse de lleno en la cobertura de la demanda interna.<\/p>\n<p>Usualmente, la hist\u00f3rica empresa, la mayor productora de este tipo de elementos en el pa\u00eds, destina el 80% a la venta al exterior, fundamentalmente a Brasil, China, Alemania e India, entre las 50 naciones con las que comercia.<\/p>\n<p>Pero el crecimiento de la necesidad hizo que la decisi\u00f3n de momento sea dar un giro, y abocarse a cubrir las necesidades en el pa\u00eds. Por eso, cuadruplicaron su producci\u00f3n, tomaron empleados y ya entregaron 250 aparatos a lo largo y ancho del pa\u00eds. Adem\u00e1s, tiene otros 500 respiradores, cuyo precio promedio oscila en los 20.000 d\u00f3lares y requiere de personal especializado, pedidos para instituciones de C\u00f3rdoba y el resto de los distritos.<\/p>\n<p>Los respiradores son centrales para el tratamiento de casos complejos de coronavirus.<\/p>\n","protected":false},"excerpt":{"rendered":"<p>Tecme ya entreg\u00f3 250 aparatos y tiene otros 500 en espera. Tom\u00f3 nuevo personal y trabaja junto a instituciones p\u00fablicas y privadas &nbsp; &nbsp; Se sabe que la declaraci\u00f3n de pandemia y el avance del coronavirus cambiaron dr\u00e1sticamente, adem\u00e1s del d\u00eda a d\u00eda personal, el sendero por el que transita la econom\u00eda. En ese camino, la f\u00e1brica de respiradores artificiales Tecme, que tiene su planta de m\u00e1s de 4.500 metros cuadrados en la avenida Circunvalaci\u00f3n de C\u00f3rdoba, tom\u00f3 la decisi\u00f3n de dejar de exportar para meterse de lleno en la&#8230;<\/p>\n","protected":false},"author":3,"featured_media":59277,"comment_status":"closed","ping_status":"closed","sticky":false,"template":"","format":"standard","meta":[],"categories":[4],"tags":[],"_links":{"self":[{"href":"https:\/\/www.actualidadadiario.com\/index.php\/wp-json\/wp\/v2\/posts\/59276"}],"collection":[{"href":"https:\/\/www.actualidadadiario.com\/index.php\/wp-json\/wp\/v2\/posts"}],"about":[{"href":"https:\/\/www.actualidadadiario.com\/index.php\/wp-json\/wp\/v2\/types\/post"}],"author":[{"embeddable":true,"href":"https:\/\/www.actualidadadiario.com\/index.php\/wp-json\/wp\/v2\/users\/3"}],"replies":[{"embeddable":true,"href":"https:\/\/www.actualidadadiario.com\/index.php\/wp-json\/wp\/v2\/comments?post=59276"}],"version-history":[{"count":1,"href":"https:\/\/www.actualidadadiario.com\/index.php\/wp-json\/wp\/v2\/posts\/59276\/revisions"}],"predecessor-version":[{"id":59278,"href":"https:\/\/www.actualidadadiario.com\/index.php\/wp-json\/wp\/v2\/posts\/59276\/revisions\/59278"}],"wp:featuredmedia":[{"embeddable":true,"href":"https:\/\/www.actualidadadiario.com\/index.php\/wp-json\/wp\/v2\/media\/59277"}],"wp:attachment":[{"href":"https:\/\/www.actualidadadiario.com\/index.php\/wp-json\/wp\/v2\/media?parent=59276"}],"wp:term":[{"taxonomy":"category","embeddable":true,"href":"https:\/\/www.actualidadadiario.com\/index.php\/wp-json\/wp\/v2\/categories?post=59276"},{"taxonomy":"post_tag","embeddable":true,"href":"https:\/\/www.actualidadadiario.com\/index.php\/wp-json\/wp\/v2\/tags?post=59276"}],"curies":[{"name":"wp","href":"https:\/\/api.w.org\/{rel}","templated":true}]}}