{"id":59273,"date":"2020-03-20T12:29:04","date_gmt":"2020-03-20T15:29:04","guid":{"rendered":"https:\/\/www.actualidadadiario.com\/?p=59273"},"modified":"2020-03-20T12:29:04","modified_gmt":"2020-03-20T15:29:04","slug":"alberto-monitorea-el-cumplimiento-del-aislamiento-social","status":"publish","type":"post","link":"https:\/\/www.actualidadadiario.com\/index.php\/2020\/03\/20\/alberto-monitorea-el-cumplimiento-del-aislamiento-social\/","title":{"rendered":"Alberto monitorea el cumplimiento del aislamiento social"},"content":{"rendered":"<p style=\"text-align: center;\"><em><strong>El Presidente desarrollar\u00e1 su actividad en la residencia de Olivos, desde donde realiza un monitoreo permanente<\/strong><\/em><\/p>\n<p>&nbsp;<\/p>\n<p>&nbsp;<\/p>\n<p>El presidente Alberto Fern\u00e1ndez desarrollar\u00e1 hoy su actividad en la residencia de Olivos, desde donde realiza un monitoreo permanente del aislamiento social, preventivo y obligatorio que empez\u00f3 a regir desde el primer minuto de hoy y que se extender\u00e1 hasta el 31 de marzo, con el fin de mitigar el avance del coronavirus, que en el pa\u00eds registra hasta el momento 128 casos.<\/p>\n<p>Fern\u00e1ndez &#8220;est\u00e1 en permanente contacto&#8221; con el jefe de Gabinete, Santiago Cafiero, y todos los ministros del Gabinete abocados al seguimiento de las medidas para afrontar la pandemia y, tambi\u00e9n, al cumplimiento del per\u00edodo de aislamiento que anunci\u00f3 anoche en la Residencia de Olivos tras una reuni\u00f3n con los gobernadores, inform\u00f3 a T\u00e9lam una fuente oficial.<\/p>\n<p>El &#8220;aislamiento social, preventivo y obligatorio&#8221; comenz\u00f3 a regir en el primer minuto de hoy y se extender\u00e1 hasta el pr\u00f3ximo 31 de marzo, con el fin de mitigar la expansi\u00f3n de la pandemia de coronavirus en todo el pa\u00eds.<\/p>\n<p>As\u00ed surge de lo dispuesto por el Decreto 297\/2020 publicado en la edici\u00f3n de hoy del Bolet\u00edn Oficial, de acuerdo con lo anunciado anoche por el mandatario.<\/p>\n","protected":false},"excerpt":{"rendered":"<p>El Presidente desarrollar\u00e1 su actividad en la residencia de Olivos, desde donde realiza un monitoreo permanente &nbsp; &nbsp; El presidente Alberto Fern\u00e1ndez desarrollar\u00e1 hoy su actividad en la residencia de Olivos, desde donde realiza un monitoreo permanente del aislamiento social, preventivo y obligatorio que empez\u00f3 a regir desde el primer minuto de hoy y que se extender\u00e1 hasta el 31 de marzo, con el fin de mitigar el avance del coronavirus, que en el pa\u00eds registra hasta el momento 128 casos. Fern\u00e1ndez &#8220;est\u00e1 en permanente contacto&#8221; con el jefe de&#8230;<\/p>\n","protected":false},"author":3,"featured_media":59274,"comment_status":"closed","ping_status":"closed","sticky":false,"template":"","format":"standard","meta":[],"categories":[18],"tags":[],"_links":{"self":[{"href":"https:\/\/www.actualidadadiario.com\/index.php\/wp-json\/wp\/v2\/posts\/59273"}],"collection":[{"href":"https:\/\/www.actualidadadiario.com\/index.php\/wp-json\/wp\/v2\/posts"}],"about":[{"href":"https:\/\/www.actualidadadiario.com\/index.php\/wp-json\/wp\/v2\/types\/post"}],"author":[{"embeddable":true,"href":"https:\/\/www.actualidadadiario.com\/index.php\/wp-json\/wp\/v2\/users\/3"}],"replies":[{"embeddable":true,"href":"https:\/\/www.actualidadadiario.com\/index.php\/wp-json\/wp\/v2\/comments?post=59273"}],"version-history":[{"count":1,"href":"https:\/\/www.actualidadadiario.com\/index.php\/wp-json\/wp\/v2\/posts\/59273\/revisions"}],"predecessor-version":[{"id":59275,"href":"https:\/\/www.actualidadadiario.com\/index.php\/wp-json\/wp\/v2\/posts\/59273\/revisions\/59275"}],"wp:featuredmedia":[{"embeddable":true,"href":"https:\/\/www.actualidadadiario.com\/index.php\/wp-json\/wp\/v2\/media\/59274"}],"wp:attachment":[{"href":"https:\/\/www.actualidadadiario.com\/index.php\/wp-json\/wp\/v2\/media?parent=59273"}],"wp:term":[{"taxonomy":"category","embeddable":true,"href":"https:\/\/www.actualidadadiario.com\/index.php\/wp-json\/wp\/v2\/categories?post=59273"},{"taxonomy":"post_tag","embeddable":true,"href":"https:\/\/www.actualidadadiario.com\/index.php\/wp-json\/wp\/v2\/tags?post=59273"}],"curies":[{"name":"wp","href":"https:\/\/api.w.org\/{rel}","templated":true}]}}