{"id":59271,"date":"2020-03-20T12:28:25","date_gmt":"2020-03-20T15:28:25","guid":{"rendered":"https:\/\/www.actualidadadiario.com\/?p=59271"},"modified":"2020-03-20T12:28:25","modified_gmt":"2020-03-20T15:28:25","slug":"gines-gonzalez-garcia-sobre-la-cuarentena-el-resultado-lo-vamos-a-ver-en-dos-semanas","status":"publish","type":"post","link":"https:\/\/www.actualidadadiario.com\/index.php\/2020\/03\/20\/gines-gonzalez-garcia-sobre-la-cuarentena-el-resultado-lo-vamos-a-ver-en-dos-semanas\/","title":{"rendered":"Gin\u00e9s Gonz\u00e1lez Garc\u00eda sobre la cuarentena: &#8220;El resultado lo vamos a ver en dos semanas&#8221;"},"content":{"rendered":"<p style=\"text-align: center;\"><em><strong>El ministro de Salud, Gin\u00e9s Gonz\u00e1lez Garc\u00eda se sum\u00f3 esta ma\u00f1ana al pedido oficial para que todos los argentinos respeten la cuarentena obligatoria y advirti\u00f3 que si todos los argentinos mantienen el aislamiento en dos semanas podr\u00e1n empezar a verse resultados positivos en relaci\u00f3n con la pandemia de coronavirus. Desde el Ministerio anunciaron que los casos de infectados ya ascienden a 128<\/strong><\/em><\/p>\n<p>&nbsp;<\/p>\n<p>&nbsp;<\/p>\n<p>\u201cComo pa\u00eds hemos tomado todas las medidas antes que el resto. Hoy estamos en un punto de meseta que sube lentamente. En la medida en que hagamos lo que el Gobierno dispuso ayer, los resultados los vamos a ver en dos semanas\u201d, sostuvo el funcionario.<\/p>\n<p>El ministro asegur\u00f3 que el nuevo coronavirus es una \u201cenfermedad masiva pero no grave\u201d por lo que \u201cmuchos\u201d la tendr\u00e1n sin presentar tener s\u00edntomas. Tambi\u00e9n inform\u00f3 que la vacuna que est\u00e1n desarrollando laboratorios extranjeros no llegar\u00e1 al pa\u00eds hasta dentro de diez meses por eso, la mejor vacuna \u201ces el aislamiento\u201d.<\/p>\n<p>\u201cEstamos en la fase de preparar los servicios de salud y por eso estamos equipando nuevos hospitales y haciendo que funcionen otros viejos. S\u00f3lo el 20 por ciento necesita internaci\u00f3n, y de ese porcentaje la situaci\u00f3n de un 5 por ciento se agrava\u201d, agreg\u00f3 el funcionario.<\/p>\n<p>&nbsp;<\/p>\n<p><strong>El reporte de casos<\/strong><\/p>\n<p>Como cada ma\u00f1ana el Ministerio de Salud brind\u00f3 la informaci\u00f3n actualizada con respecto a los casos confirmados de coronavirus. Al d\u00eda de hoy, los casos de pacientes con coronavirus ascendieron a 128 personas infectadas. Se sumaron Santa Cruz y Tucum\u00e1n a la lista de provincias con afectados.<\/p>\n<p>&#8220;Tenemos 128 casos confirmados: 100 relacionados con viajes, 22 relacionados a una transmisi\u00f3n local en conglomerado y 6 en estudio epidemiol\u00f3gico&#8221;, precis\u00f3 el subsecretario de Estrategias Sanitarias, Alejandro Costa.<\/p>\n<p>Al brindar el reporte diario sobre la situaci\u00f3n del coronavirus en la Argentina, el funcionario nacional indic\u00f3 que 23 pacientes ya fueron dados de alta tras haberse recuperado de la enfermedad y se\u00f1al\u00f3 que las provincias en las que se detectaron casos son Ciudad y Provincia de Buenos Aires, C\u00f3rdoba, Santa Fe, Entre R\u00edos, Salta, Jujuy, Chaco, R\u00edo Negro, San Luis, Tierra del Fuego, Santa Cruz y Tucum\u00e1n.<\/p>\n<p>Tambi\u00e9n informaron que este viernes el Instituto Malbr\u00e1n comenzar\u00e1 a capacitar a diferentes laboratorios de todas las provincias para poder comenzar la descentralizaci\u00f3n del diagn\u00f3stico.<\/p>\n","protected":false},"excerpt":{"rendered":"<p>El ministro de Salud, Gin\u00e9s Gonz\u00e1lez Garc\u00eda se sum\u00f3 esta ma\u00f1ana al pedido oficial para que todos los argentinos respeten la cuarentena obligatoria y advirti\u00f3 que si todos los argentinos mantienen el aislamiento en dos semanas podr\u00e1n empezar a verse resultados positivos en relaci\u00f3n con la pandemia de coronavirus. Desde el Ministerio anunciaron que los casos de infectados ya ascienden a 128 &nbsp; &nbsp; \u201cComo pa\u00eds hemos tomado todas las medidas antes que el resto. Hoy estamos en un punto de meseta que sube lentamente. En la medida en que&#8230;<\/p>\n","protected":false},"author":3,"featured_media":58780,"comment_status":"closed","ping_status":"closed","sticky":false,"template":"","format":"standard","meta":[],"categories":[18],"tags":[],"_links":{"self":[{"href":"https:\/\/www.actualidadadiario.com\/index.php\/wp-json\/wp\/v2\/posts\/59271"}],"collection":[{"href":"https:\/\/www.actualidadadiario.com\/index.php\/wp-json\/wp\/v2\/posts"}],"about":[{"href":"https:\/\/www.actualidadadiario.com\/index.php\/wp-json\/wp\/v2\/types\/post"}],"author":[{"embeddable":true,"href":"https:\/\/www.actualidadadiario.com\/index.php\/wp-json\/wp\/v2\/users\/3"}],"replies":[{"embeddable":true,"href":"https:\/\/www.actualidadadiario.com\/index.php\/wp-json\/wp\/v2\/comments?post=59271"}],"version-history":[{"count":1,"href":"https:\/\/www.actualidadadiario.com\/index.php\/wp-json\/wp\/v2\/posts\/59271\/revisions"}],"predecessor-version":[{"id":59272,"href":"https:\/\/www.actualidadadiario.com\/index.php\/wp-json\/wp\/v2\/posts\/59271\/revisions\/59272"}],"wp:featuredmedia":[{"embeddable":true,"href":"https:\/\/www.actualidadadiario.com\/index.php\/wp-json\/wp\/v2\/media\/58780"}],"wp:attachment":[{"href":"https:\/\/www.actualidadadiario.com\/index.php\/wp-json\/wp\/v2\/media?parent=59271"}],"wp:term":[{"taxonomy":"category","embeddable":true,"href":"https:\/\/www.actualidadadiario.com\/index.php\/wp-json\/wp\/v2\/categories?post=59271"},{"taxonomy":"post_tag","embeddable":true,"href":"https:\/\/www.actualidadadiario.com\/index.php\/wp-json\/wp\/v2\/tags?post=59271"}],"curies":[{"name":"wp","href":"https:\/\/api.w.org\/{rel}","templated":true}]}}