{"id":59267,"date":"2020-03-20T12:26:51","date_gmt":"2020-03-20T15:26:51","guid":{"rendered":"https:\/\/www.actualidadadiario.com\/?p=59267"},"modified":"2020-03-20T12:26:51","modified_gmt":"2020-03-20T15:26:51","slug":"corte-suprema-dicta-feria-sanitaria-y-justicia-apuntalara-a-gobierno-para-controles","status":"publish","type":"post","link":"https:\/\/www.actualidadadiario.com\/index.php\/2020\/03\/20\/corte-suprema-dicta-feria-sanitaria-y-justicia-apuntalara-a-gobierno-para-controles\/","title":{"rendered":"Corte Suprema dicta &#8220;feria sanitaria&#8221; y Justicia apuntalar\u00e1 a Gobierno para controles"},"content":{"rendered":"<p style=\"text-align: center;\"><em><strong>Se apresta a firmar nueva Acordada en sinton\u00eda con duras restricciones del DNU pero con refuerzo de \u00e1reas clave. Organizan guardias, turnos y estructuras (virtualidad) de emergencia para atender casos federales ligados a la cuarentena. Mensaje interno para aplicar C\u00f3digo Penal y Ley de Abastecimiento para verificar precios y evitar abusos<\/strong><\/em><\/p>\n<p>&nbsp;<\/p>\n<p>&nbsp;<\/p>\n<p>La Corte Suprema alista una nueva acordada que dictar\u00e1 una feria judicial extraordinaria por motivos sanitarios y que acompa\u00f1ar\u00e1 la vigencia de la ampliaci\u00f3n de la cuarentena general obligatoria anunciada por el Gobierno Nacional en el marco de la crisis por el Coronavirus. La modificaci\u00f3n en el criterio de la \u00faltima acordada que hab\u00eda establecido \u201cguardas m\u00ednimas\u201d en tribunales apunta a seguir la estrategia \u201cespejo\u201d entre el Poder Judicial y el Poder Ejecutivo, entendiendo que es la Casa Rosada la que tiene la autoridad en materia de salud p\u00fablica. La coordinaci\u00f3n con el cuarto piso del Palacio de Tribunales era constante hasta \u00faltima hora de ayer, luego de la reuni\u00f3n que mantuvo Alberto Fern\u00e1ndez con los gobernadores para definir las nuevas restricciones y sus alcances. Pero adem\u00e1s de fijar estructuras judiciales de turno, contendr\u00e1 un mensaje t\u00e1cito de sinton\u00eda absoluta para apuntalar al Gobierno en la persecuci\u00f3n penal de quienes infrinjan no solo la cuarentena, sino las cuestiones ligadas al abastecimiento de bienes de primera necesidad y el operativo de control de organismos oficiales contra la especulaci\u00f3n de la oferta.<\/p>\n<p>Luego de las cr\u00edticas llegadas desde tribunales inferiores luego de que el \u00faltimo lunes, por unanimidad, la Corte dispuso que el Poder Judicial funcione con guardia m\u00ednima, la redacci\u00f3n de la nueva Acordada suplanta esos criterios (con foco en lo sanitario como origen) y es consistente con el aislamiento obligatorio que defini\u00f3 el Ejecutivo. \u00c1mbito Financiero hab\u00eda advertido que era l\u00f3gico que el \u201cshutdown\u201d parcial de la justicia no fuese id\u00e9ntico al de una feria \u2013en los t\u00e9rminos aplicados de uso y costumbre- dado que podr\u00edan tener que endurecerse las medidas cuando la circulaci\u00f3n fuese restringida al m\u00e1ximo. Ese escenario de excepci\u00f3n lleg\u00f3 anoche con el anuncio oficial. La discusi\u00f3n respecto al contexto legal en el cual el Gobierno avanz\u00f3 sin apelar al Estado de Sitio quedar\u00e1 en un cap\u00edtulo aparte.<\/p>\n<p>La intenci\u00f3n de la Corte es barajar y dar de nuevo para volver a reorganizar las pautas que gu\u00eden a las C\u00e1maras Federales de todo el pa\u00eds respecto cu\u00e1l ser\u00e1 el sistema de turnos, con qu\u00e9 personal contar\u00e1n (que no haya sido ya licenciado en el criterio de las guardias m\u00ednimas por integrar grupos de riesgo) y delimitar el tratamiento de asuntos prioritarios. El formato se asemejar\u00e1 al receso de enero pero con algunos otros condicionantes por el contexto de crisis que convierten al federal como fuero de excepci\u00f3n en el marco de una cuarenta. En ese sentido, los equipos ser\u00e1n reducidos y la virtualidad dominar\u00e1 la escena por la imposibilidad de trasladarse. Anoche, en el cuarto piso de Talcahuano 550, los jueces y sus equipos estaban en permanente contacto con Olivos a la espera del anuncio, mientras se redactaba la Acordada en la que plasmar\u00e1n sus firmas en las pr\u00f3ximas horas.<\/p>\n<p>Pero adicionalmente, existir\u00e1 un in\u00e9dito despliegue judicial para que durante la cuarentena obligatoria exista un apoyo al control que montar\u00e1 el Gobierno respecto a precios y abastecimiento, cuestiones esenciales para la poblaci\u00f3n aislada. Cobrar\u00e1 especial protagonismo el fuero Penal Econ\u00f3mico para intervenir en esta materia. Porque no s\u00f3lo el Gobierno aplicar\u00e1 la Ley de Abastecimiento como ya lo previeron los responsables de Econom\u00eda \u2013Mart\u00edn Guzm\u00e1n por un lado y el Ministro de la Desarrollo Productivo Mat\u00edas Kulfas, sino que se apelar\u00e1 directamente al C\u00f3digo Penal para desalentar pr\u00e1cticas abusivas o especulativas respecto a la provisi\u00f3n y costo de los bienes de primera necesidad. El mensaje interno hacia quienes tengan que tramitar expedientes o denuncias ligados a estas infracciones ser\u00e1 enmarcarlos como delitos penales.<\/p>\n<p>As\u00ed se aplicar\u00e1 lo prescripto en el art\u00edculo 300 y el 300 bis del C\u00f3digo Penal, contenidos en el Cap\u00edtulo V de los \u201cfraudes al comercio y a la industria\u201d. El primero prescribe que ser\u00e1 reprimido con prisi\u00f3n de 6 meses a 2 a\u00f1os \u201cel que hiciere alzar o bajar el precio de las mercader\u00edas por medio de noticias falsas, negociaciones fingidas o por reuni\u00f3n o coalici\u00f3n entre los principales tenedores de una mercanc\u00eda o g\u00e9nero, con el fin de no venderla o de no venderla sino a un precio determinado\u201d. Es decir, para que se respeten los precios m\u00e1ximos que hoy ser\u00e1n publicados en el Bolet\u00edn Oficial. Correr\u00e1 para almacenes, supermercados, farmacias y cualquier otro comercio de primera necesidad. Y tambi\u00e9n aplicar\u00e1 la sanci\u00f3n para \u201cel fundador, director, administrador, liquidador o s\u00edndico de una sociedad an\u00f3nima o cooperativa o de otra persona colectiva, que a sabiendas publicare, certificare o autorizare un inventario, un balance, una cuenta de ganancias y p\u00e9rdidas o los correspondientes informes, actas o memorias, falsos o incompletos\u201d.<\/p>\n<p>El segundo art\u00edculo fue incorporado por el r\u00e9gimen penal para personas jur\u00eddicas: \u201cCuando los hechos delictivos previstos en el inciso 2) del art\u00edculo 300 hubieren sido realizados con el fin de ocultar la comisi\u00f3n de los delitos previstos en los art\u00edculos 258 y 258 bis \u2013penas para d\u00e1divas a funcionarios- se impondr\u00e1 pena de prisi\u00f3n de un (1) a cuatro (4) a\u00f1os y multa de dos (2) a cinco (5) veces el valor falseado en los documentos y actos a los que se refiere el inciso mencionado\u201d. Con estas herramientas se reforzar\u00e1n los controles que dispuso el Gobierno, a la vez que se endurecer\u00e1 el poder punitivo del Estado respecto a quienes violen la cuarentena de quienes deb\u00edan permanecer aislados por provenir de zonas de riesgo.<\/p>\n","protected":false},"excerpt":{"rendered":"<p>Se apresta a firmar nueva Acordada en sinton\u00eda con duras restricciones del DNU pero con refuerzo de \u00e1reas clave. Organizan guardias, turnos y estructuras (virtualidad) de emergencia para atender casos federales ligados a la cuarentena. Mensaje interno para aplicar C\u00f3digo Penal y Ley de Abastecimiento para verificar precios y evitar abusos &nbsp; &nbsp; La Corte Suprema alista una nueva acordada que dictar\u00e1 una feria judicial extraordinaria por motivos sanitarios y que acompa\u00f1ar\u00e1 la vigencia de la ampliaci\u00f3n de la cuarentena general obligatoria anunciada por el Gobierno Nacional en el marco&#8230;<\/p>\n","protected":false},"author":3,"featured_media":52795,"comment_status":"closed","ping_status":"closed","sticky":false,"template":"","format":"standard","meta":[],"categories":[18],"tags":[],"_links":{"self":[{"href":"https:\/\/www.actualidadadiario.com\/index.php\/wp-json\/wp\/v2\/posts\/59267"}],"collection":[{"href":"https:\/\/www.actualidadadiario.com\/index.php\/wp-json\/wp\/v2\/posts"}],"about":[{"href":"https:\/\/www.actualidadadiario.com\/index.php\/wp-json\/wp\/v2\/types\/post"}],"author":[{"embeddable":true,"href":"https:\/\/www.actualidadadiario.com\/index.php\/wp-json\/wp\/v2\/users\/3"}],"replies":[{"embeddable":true,"href":"https:\/\/www.actualidadadiario.com\/index.php\/wp-json\/wp\/v2\/comments?post=59267"}],"version-history":[{"count":1,"href":"https:\/\/www.actualidadadiario.com\/index.php\/wp-json\/wp\/v2\/posts\/59267\/revisions"}],"predecessor-version":[{"id":59268,"href":"https:\/\/www.actualidadadiario.com\/index.php\/wp-json\/wp\/v2\/posts\/59267\/revisions\/59268"}],"wp:featuredmedia":[{"embeddable":true,"href":"https:\/\/www.actualidadadiario.com\/index.php\/wp-json\/wp\/v2\/media\/52795"}],"wp:attachment":[{"href":"https:\/\/www.actualidadadiario.com\/index.php\/wp-json\/wp\/v2\/media?parent=59267"}],"wp:term":[{"taxonomy":"category","embeddable":true,"href":"https:\/\/www.actualidadadiario.com\/index.php\/wp-json\/wp\/v2\/categories?post=59267"},{"taxonomy":"post_tag","embeddable":true,"href":"https:\/\/www.actualidadadiario.com\/index.php\/wp-json\/wp\/v2\/tags?post=59267"}],"curies":[{"name":"wp","href":"https:\/\/api.w.org\/{rel}","templated":true}]}}