{"id":59262,"date":"2020-03-20T12:24:59","date_gmt":"2020-03-20T15:24:59","guid":{"rendered":"https:\/\/www.actualidadadiario.com\/?p=59262"},"modified":"2020-03-20T12:24:59","modified_gmt":"2020-03-20T15:24:59","slug":"la-crisis-por-la-pandemia-corre-a-macri-del-liderazgo-opositor-y-reordena-a-cambiemos","status":"publish","type":"post","link":"https:\/\/www.actualidadadiario.com\/index.php\/2020\/03\/20\/la-crisis-por-la-pandemia-corre-a-macri-del-liderazgo-opositor-y-reordena-a-cambiemos\/","title":{"rendered":"La crisis por la pandemia corre a Macri del liderazgo opositor y reordena a Cambiemos"},"content":{"rendered":"<p style=\"text-align: center;\"><em><strong>Alberto Fern\u00e1ndez eligi\u00f3 como principal interlocutor opositor a Rodr\u00edguez Larreta y el alcalde porte\u00f1o desplaz\u00f3 definitivamente de la escena al expresidente. Los gestos de unidad y la agenda sanitaria redujeron el margen de acci\u00f3n del ala m\u00e1s dura de Cambiemos<\/strong><\/em><\/p>\n<p>&nbsp;<\/p>\n<p>&nbsp;<\/p>\n<p>La pandemia del nuevo coronavirus y su expansi\u00f3n en la Argentina se trasformaron en un obst\u00e1culo para que el expresidente Mauricio Macri retome su rol como l\u00edder opositor de la alianza Juntos por el Cambio. Dentro del PRO, algunos de sus seguidores todav\u00eda lamentan la frase que lanz\u00f3 en Guatemala el 4 de marzo, cuando fue invitado para participar de un evento internacional organizado, donde busc\u00f3 posicionarse como uno de los l\u00edderes de la derecha regional. &#8220;El populismo es mucho m\u00e1s peligroso que el coronavirus&#8221;, dispar\u00f3 en Centroam\u00e9rica. En el partido amarillo algunos de sus diputados todav\u00eda se preguntan si estuvo mal asesorado o si realmente apost\u00f3 a ganar recordaci\u00f3n a partir de una frase &#8220;desafortunada&#8221;, cuyo impacto busc\u00f3 revertir la semana pasada, cuando utiliz\u00f3 su cuenta personal de twitter para respaldar las medidas de contenci\u00f3n resueltas por el presidente Alberto Fern\u00e1ndez.<\/p>\n<p>Cuando regres\u00f3 de Guatemala el expresidente intent\u00f3 mostrarse hiperactivo: puso en funcionamiento sus nuevas oficinas alquiladas en el edificio &#8220;Holidays&#8221;, ubicado en Olivos, y comenz\u00f3 a mantener reuniones con sus colaboradores m\u00e1s cercanos para retomar su agenda pol\u00edtica. Sin embargo, el incremento de casos de contagio en Europa comenzaron a consolidar los liderazgos opositores vinculados a la gesti\u00f3n de la crisis, como el rol que juega el jefe de Gobierno porte\u00f1o, Horacio Rodr\u00edguez Larreta.<\/p>\n<p>&#8220;No era lo previsto, pero la urgencia de la pandemia redujo el rol que puede tener Mauricio en este momento, m\u00e1s all\u00e1 de los errores que viene cometiendo desde que intent\u00f3 volver a escena&#8221;, explic\u00f3 a Tiempo un miembro del bloque del PRO en referencia a gestos del expresidente que generaron desaz\u00f3n entre sus diputados, como el cargo que obtuvo en la FIFA y el empe\u00f1o que puso en nominar a su exministra de Seguridad, Patricia Bullrich como nueva presidenta del partido amarillo. Si bien la actual estructura del PRO fue acordada entre Macri y Larreta, la din\u00e1mica de la crisis por la pendemia tambi\u00e9n fue ordenando los roles en la alianza opositora. Quiz\u00e1s por eso ninguno de los caciques legislativos insisti\u00f3 con la posibilidad de sumar al expresidente a las reuniones que convoca Alberto Fern\u00e1ndez para articular medidas con la oposici\u00f3n.<\/p>\n<p>La se\u00f1al m\u00e1s notoria sali\u00f3 de la Casa Rosada el domingo pasado, cuando Fern\u00e1ndez ofreci\u00f3 una conferencia de prensa rodeado por el alcalde porte\u00f1o y por su par bonaerense, Axel Kicillof. El gesto de unidad se repiti\u00f3 este mi\u00e9rcoles con la reuni\u00f3n que mantuvo el Presidente con los jefes de los bloques de senadores y diputados del oficialismo y la oposici\u00f3n para monitorear la situaci\u00f3n y realizar reuniones de ese tipo cada dos semanas.<\/p>\n<p>Las necesidades para &#8220;superar la grieta&#8221; frente a la pandemia ponder\u00f3 la presencia del ala &#8220;dialoguista&#8221; del PRO, como el presidente del bloque amarillo, el diputado Cristian Ritondo, o el vicepresidente primero del cuerpo, Alvaro Gonz\u00e1lez. Junto a ellos cobr\u00f3 otro calibre el rol del jefe del interbloque de Juntos por el Cambio en esa c\u00e1mara, el radical Mario Negri, que tambi\u00e9n se involucr\u00f3 en la gesti\u00f3n de la crisis, aunque se not\u00f3 la ausencia del presidente del Comit\u00e9 Nacional de la UCR, el diputado por Mendoza, Alfredo Cornejo, que se autoexcluy\u00f3 de los \u00faltimos encuentros por el cierre del l\u00edmite que dispuso el gobernador Rodolfo Su\u00e1rez.<\/p>\n<p>Los roles dentro del radicalismo continuar\u00e1n delineados de ese modo, pero en la UCR sostienen que &#8220;el eje estar\u00e1 centrado en la gesti\u00f3n de la situaci\u00f3n y en la voz que tendr\u00e1n los tres gobernadores del partido: el mendocino Su\u00e1rez, el correntino Gustavo Vald\u00e9s y el juje\u00f1o Gerardo Morales&#8221;, el primero que decret\u00f3 la suspensi\u00f3n de las clases a nivel nacional.<\/p>\n<p>Pero en el PRO el manejo de la crisis termin\u00f3 de definir otros liderazgos que ya no parecen transitorios. Entre todos los diputados el macrismo, el \u00fanico que no respet\u00f3 el llamado de unidad fue Fernando Iglesias, que se autodefine como un &#8220;\u00e1tomo libre&#8221; que no acata las decisiones de su bloque.<\/p>\n<p>Sus actitudes abroquelaron a sus colegas detr\u00e1s del gesto de unidad, pero tambi\u00e9n incrementaron la soledad del sector m\u00e1s duro. &#8220;Los que tienen gestiones ejecutivas y legislativas dentro del PRO quedaron de un lado, mientras que el ala m\u00e1s ideologizada qued\u00f3 del otro&#8221;, explic\u00f3 un diputado en referencia a las coincidencias que comparten Larreta, Ritondo, Gonz\u00e1lez y la exgobernadora bonaerense Mar\u00eda Eugenia Vidal, frente &#8220;al ala dura de la oficina de Olivos&#8221;. El eufemismo apunta a Macri, su compa\u00f1ero de coworking, el ex senador y candidato a vicepresidente, Miguel Pichetto; a Bullrich y al exministro de Transporte, Guillermo Dietrich, que forma parte del entorno m\u00e1s inmediato del expresidente.<\/p>\n<p>Cerca de los diputados que est\u00e1n sumergidos en el escenario de crisis por la pandemia, confiaron a este diario que &#8220;el rol de Iglesias es vergonzante para el bloque, pero mucho peor es que sus principales mentores no le paren el carro&#8221;, se lament\u00f3 un dirigente del PRO en referencia al silencio que mantienen Macri y Bullrich para disciplinar a Iglesias y para estrechar contactos con su tropa. Un punto de inflexi\u00f3n surgi\u00f3 cuando el ministro de Salud, Gin\u00e9s Gonz\u00e1lez Garc\u00eda, reconoci\u00f3 en una entrevista televisiva que no se esperaba que el virus llegara tan r\u00e1pido al pa\u00eds. Un sector de Juntos por el Cambio, con Iglesias a la cabeza, reclam\u00f3 el desplazamiento del sanitarista por sus dichos, pero la mayor\u00eda guard\u00f3 silencio y reclam\u00f3 cautela. Tras el debate interno, Macri se pronunci\u00f3 por twitter y llam\u00f3 a la unidad.<\/p>\n<p>&#8220;No alcanza con un tweet de respaldo a Fern\u00e1ndez o que hable con Horacio&#8221;, lament\u00f3 otro miembro del bloque para reflejar que el expresidente no logra reconectarse con el partido ni reponerse de sus errores. &#8220;Luego de lo que dijo del coronavirus tuvo que reunirse con el embajador chino y pedirle disculpas, pero el da\u00f1o ya est\u00e1 hecho&#8221;, se lament\u00f3 la fuente.<\/p>\n","protected":false},"excerpt":{"rendered":"<p>Alberto Fern\u00e1ndez eligi\u00f3 como principal interlocutor opositor a Rodr\u00edguez Larreta y el alcalde porte\u00f1o desplaz\u00f3 definitivamente de la escena al expresidente. Los gestos de unidad y la agenda sanitaria redujeron el margen de acci\u00f3n del ala m\u00e1s dura de Cambiemos &nbsp; &nbsp; La pandemia del nuevo coronavirus y su expansi\u00f3n en la Argentina se trasformaron en un obst\u00e1culo para que el expresidente Mauricio Macri retome su rol como l\u00edder opositor de la alianza Juntos por el Cambio. Dentro del PRO, algunos de sus seguidores todav\u00eda lamentan la frase que lanz\u00f3&#8230;<\/p>\n","protected":false},"author":3,"featured_media":59263,"comment_status":"closed","ping_status":"closed","sticky":false,"template":"","format":"standard","meta":[],"categories":[18],"tags":[],"_links":{"self":[{"href":"https:\/\/www.actualidadadiario.com\/index.php\/wp-json\/wp\/v2\/posts\/59262"}],"collection":[{"href":"https:\/\/www.actualidadadiario.com\/index.php\/wp-json\/wp\/v2\/posts"}],"about":[{"href":"https:\/\/www.actualidadadiario.com\/index.php\/wp-json\/wp\/v2\/types\/post"}],"author":[{"embeddable":true,"href":"https:\/\/www.actualidadadiario.com\/index.php\/wp-json\/wp\/v2\/users\/3"}],"replies":[{"embeddable":true,"href":"https:\/\/www.actualidadadiario.com\/index.php\/wp-json\/wp\/v2\/comments?post=59262"}],"version-history":[{"count":1,"href":"https:\/\/www.actualidadadiario.com\/index.php\/wp-json\/wp\/v2\/posts\/59262\/revisions"}],"predecessor-version":[{"id":59264,"href":"https:\/\/www.actualidadadiario.com\/index.php\/wp-json\/wp\/v2\/posts\/59262\/revisions\/59264"}],"wp:featuredmedia":[{"embeddable":true,"href":"https:\/\/www.actualidadadiario.com\/index.php\/wp-json\/wp\/v2\/media\/59263"}],"wp:attachment":[{"href":"https:\/\/www.actualidadadiario.com\/index.php\/wp-json\/wp\/v2\/media?parent=59262"}],"wp:term":[{"taxonomy":"category","embeddable":true,"href":"https:\/\/www.actualidadadiario.com\/index.php\/wp-json\/wp\/v2\/categories?post=59262"},{"taxonomy":"post_tag","embeddable":true,"href":"https:\/\/www.actualidadadiario.com\/index.php\/wp-json\/wp\/v2\/tags?post=59262"}],"curies":[{"name":"wp","href":"https:\/\/api.w.org\/{rel}","templated":true}]}}