{"id":59260,"date":"2020-03-20T12:24:13","date_gmt":"2020-03-20T15:24:13","guid":{"rendered":"https:\/\/www.actualidadadiario.com\/?p=59260"},"modified":"2020-03-20T12:24:13","modified_gmt":"2020-03-20T15:24:13","slug":"cristina-y-su-hija-florencia-regresan-de-cuba","status":"publish","type":"post","link":"https:\/\/www.actualidadadiario.com\/index.php\/2020\/03\/20\/cristina-y-su-hija-florencia-regresan-de-cuba\/","title":{"rendered":"Cristina y su hija Florencia regresan de Cuba"},"content":{"rendered":"<p style=\"text-align: center;\"><em><strong>CFK agradeci\u00f3 al pueblo y al gobierno de Cuba por la contenci\u00f3n, la ayuda m\u00e9dica y la protecci\u00f3n para con su hija &#8220;cuando la feroz persecuci\u00f3n medi\u00e1tica y judicial da\u00f1\u00f3 severamente su salud&#8221;. Pidi\u00f3 a los argentinos que respeten el aislamiento social obligatorio<\/strong><\/em><\/p>\n<p>&nbsp;<\/p>\n<p>&nbsp;<\/p>\n<p>La vicepresidenta Cristina Fern\u00e1ndez de Kirchner anunci\u00f3 que est\u00e1 regresando a la Argentina desde La Habana, Cuba, junto a su hija Florencia Kirchner. La decisi\u00f3n la hizo p\u00fablica la propia ex presidenta a trav\u00e9s de su cuenta de Twitter donde, en un hilo de tuits, afirma que su hija junto a sus m\u00e9dicos &#8220;lograron reestablecer parte de su salud perdida y hace tiempo vienen trabajando su regreso a casa&#8221;. En su texto, CFK tambi\u00e9n recomienda a les argentines que respeten el aislamiento preventivo en el marco del combate a la pandemia del coronavirus.<\/p>\n<p>El retorno se concretar\u00e1 a trav\u00e9s de un vuelo de Cubana de Aviaci\u00f3n, la l\u00ednea de bandera de la isla, y si bien Cuba no es un pa\u00eds en riesgo por el coronavirus, la ex presidenta sostuvo que junto a su hija van a cumplir con el aislamiento preventivo.<\/p>\n<p>Este viaje es el d\u00e9cimo en lo que va de un a\u00f1o y, para la ex mandataria, este \u00faltimo es el m\u00e1s importante. &#8220;Flor me pidi\u00f3 que la venga a buscar para ayudarla&#8230; sent\u00eda que sola no iba a poder&#8221;, escribi\u00f3 CFK.<\/p>\n<p>En sus tuits, la ex presidenta agradece profundamente al pueblo y al gobierno de Cuba. &#8220;Y siento que aunque tuviera cien vidas, ellas no me alcanzar\u00edan para expresar mi agradecimiento a esta Cuba solidaria, castigada por los poderosos pero digna y altiva&#8221;, escribe la vicepresidenta y sigue: &#8220;Esa Cuba que estuvo junto a m\u00ed en un momento muy dif\u00edcil de mi vida, que le tendi\u00f3 su mano a mi hija sin especulaciones y que la cuid\u00f3 y protegi\u00f3 cuando la feroz persecuci\u00f3n medi\u00e1tica y judicial da\u00f1\u00f3 severamente su salud&#8221;.<\/p>\n<p>Sobre Cuba, la ex presidenta se\u00f1ala adem\u00e1s que &#8220;esa Cuba de m\u00e9dicos y m\u00e9dicas que ejercen su vocaci\u00f3n con compromiso, con un criterio profundamente humanista y que con diagn\u00f3stico preciso, por primera vez, le brindaron a Flor las herramientas que necesitan aquellos y aquellas que han perdido su salud&#8221;.<\/p>\n<p>Por \u00faltimo, la vicepresidenta le pidi\u00f3 a les argentines que se cuiden ante la pandemia del coronavirus: &#8220;Les quiero pedir que hagan lo mismo, que se cuiden y que cuiden a los dem\u00e1s respetando el aislamiento preventivo en sus casas. Los y las quiero mucho&#8221;.<\/p>\n","protected":false},"excerpt":{"rendered":"<p>CFK agradeci\u00f3 al pueblo y al gobierno de Cuba por la contenci\u00f3n, la ayuda m\u00e9dica y la protecci\u00f3n para con su hija &#8220;cuando la feroz persecuci\u00f3n medi\u00e1tica y judicial da\u00f1\u00f3 severamente su salud&#8221;. Pidi\u00f3 a los argentinos que respeten el aislamiento social obligatorio &nbsp; &nbsp; La vicepresidenta Cristina Fern\u00e1ndez de Kirchner anunci\u00f3 que est\u00e1 regresando a la Argentina desde La Habana, Cuba, junto a su hija Florencia Kirchner. La decisi\u00f3n la hizo p\u00fablica la propia ex presidenta a trav\u00e9s de su cuenta de Twitter donde, en un hilo de tuits,&#8230;<\/p>\n","protected":false},"author":3,"featured_media":57625,"comment_status":"closed","ping_status":"closed","sticky":false,"template":"","format":"standard","meta":[],"categories":[9],"tags":[],"_links":{"self":[{"href":"https:\/\/www.actualidadadiario.com\/index.php\/wp-json\/wp\/v2\/posts\/59260"}],"collection":[{"href":"https:\/\/www.actualidadadiario.com\/index.php\/wp-json\/wp\/v2\/posts"}],"about":[{"href":"https:\/\/www.actualidadadiario.com\/index.php\/wp-json\/wp\/v2\/types\/post"}],"author":[{"embeddable":true,"href":"https:\/\/www.actualidadadiario.com\/index.php\/wp-json\/wp\/v2\/users\/3"}],"replies":[{"embeddable":true,"href":"https:\/\/www.actualidadadiario.com\/index.php\/wp-json\/wp\/v2\/comments?post=59260"}],"version-history":[{"count":1,"href":"https:\/\/www.actualidadadiario.com\/index.php\/wp-json\/wp\/v2\/posts\/59260\/revisions"}],"predecessor-version":[{"id":59261,"href":"https:\/\/www.actualidadadiario.com\/index.php\/wp-json\/wp\/v2\/posts\/59260\/revisions\/59261"}],"wp:featuredmedia":[{"embeddable":true,"href":"https:\/\/www.actualidadadiario.com\/index.php\/wp-json\/wp\/v2\/media\/57625"}],"wp:attachment":[{"href":"https:\/\/www.actualidadadiario.com\/index.php\/wp-json\/wp\/v2\/media?parent=59260"}],"wp:term":[{"taxonomy":"category","embeddable":true,"href":"https:\/\/www.actualidadadiario.com\/index.php\/wp-json\/wp\/v2\/categories?post=59260"},{"taxonomy":"post_tag","embeddable":true,"href":"https:\/\/www.actualidadadiario.com\/index.php\/wp-json\/wp\/v2\/tags?post=59260"}],"curies":[{"name":"wp","href":"https:\/\/api.w.org\/{rel}","templated":true}]}}