{"id":59255,"date":"2020-03-20T12:22:37","date_gmt":"2020-03-20T15:22:37","guid":{"rendered":"https:\/\/www.actualidadadiario.com\/?p=59255"},"modified":"2020-03-20T12:22:37","modified_gmt":"2020-03-20T15:22:37","slug":"vacuna-antigripal-amplian-la-cantidad-de-dosis-y-adelantan-la-aplicacion-a-sectores-de-riesgo","status":"publish","type":"post","link":"https:\/\/www.actualidadadiario.com\/index.php\/2020\/03\/20\/vacuna-antigripal-amplian-la-cantidad-de-dosis-y-adelantan-la-aplicacion-a-sectores-de-riesgo\/","title":{"rendered":"Vacuna antigripal: ampl\u00edan la cantidad de dosis y adelantan la aplicaci\u00f3n a sectores de riesgo"},"content":{"rendered":"<p style=\"text-align: center;\"><em><strong>En un nuevo reporte diario desde el Ministerio de Salud, este viernes la secretaria de acceso a la Salud, Carla, Vizzotti, dio detalles acerca de la vacuna antigripal<\/strong><\/em><\/p>\n<p>&nbsp;<\/p>\n<p>&nbsp;<\/p>\n<p>En un nuevo reporte diario desde el Ministerio de Salud, este viernes la secretaria de Acceso a la Salud, Carla Vizzotti, detall\u00f3 que &#8220;en relaci\u00f3n a la vacunaci\u00f3n antigripal, en el d\u00eda de ayer la Argentina empez\u00f3 a recibir el primer 1.200.000 dosis, que por decisi\u00f3n del ministro de Salud, Gin\u00e9s Gonzales Garc\u00eda, se ha ampliado a m\u00e1s de 1 mill\u00f3n y se ha podido adelantar 10 d\u00edas la entrega&#8221;.<\/p>\n<p>En este contexto de restricci\u00f3n de la circulaci\u00f3n, dispuesto para minimizar el contagio del coronavirus, se dispondr\u00e1 una implementaci\u00f3n especial de la vacuna antigripal para aquellas personas que conforman los grupos de riesgo.<\/p>\n<p>Por otra parte, tambi\u00e9n se oficializ\u00f3 el informe diario con la cantidad de casos de pacientes con coronavirus que ascendieron a 128 personas infectadas y se sumaron Santa Cruz y Tucum\u00e1n a la lista de provincias con afectados.<\/p>\n<p>&#8220;Tenemos 128 casos confirmados: 100 relacionados con viajes, 22 relacionados a una transmisi\u00f3n local en conglomerado y 6 en estudio epidemiol\u00f3gico&#8221;, precis\u00f3 el subsecretario de Estrategias Sanitarias, Alejandro Costa.<\/p>\n<p>El funcionario nacional indic\u00f3 que 23 pacientes ya fueron dados de alta tras haberse recuperado de la enfermedad y se\u00f1al\u00f3 que las provincias en las que se detectaron casos son Ciudad y Provincia de Buenos Aires, C\u00f3rdoba, Santa Fe, Entre R\u00edos, Salta, Jujuy, Chaco, R\u00edo Negro, San Luis, Tierra del Fuego, Santa Cruz y Tucum\u00e1n.<\/p>\n","protected":false},"excerpt":{"rendered":"<p>En un nuevo reporte diario desde el Ministerio de Salud, este viernes la secretaria de acceso a la Salud, Carla, Vizzotti, dio detalles acerca de la vacuna antigripal &nbsp; &nbsp; En un nuevo reporte diario desde el Ministerio de Salud, este viernes la secretaria de Acceso a la Salud, Carla Vizzotti, detall\u00f3 que &#8220;en relaci\u00f3n a la vacunaci\u00f3n antigripal, en el d\u00eda de ayer la Argentina empez\u00f3 a recibir el primer 1.200.000 dosis, que por decisi\u00f3n del ministro de Salud, Gin\u00e9s Gonzales Garc\u00eda, se ha ampliado a m\u00e1s de 1&#8230;<\/p>\n","protected":false},"author":3,"featured_media":44711,"comment_status":"closed","ping_status":"closed","sticky":false,"template":"","format":"standard","meta":[],"categories":[2],"tags":[],"_links":{"self":[{"href":"https:\/\/www.actualidadadiario.com\/index.php\/wp-json\/wp\/v2\/posts\/59255"}],"collection":[{"href":"https:\/\/www.actualidadadiario.com\/index.php\/wp-json\/wp\/v2\/posts"}],"about":[{"href":"https:\/\/www.actualidadadiario.com\/index.php\/wp-json\/wp\/v2\/types\/post"}],"author":[{"embeddable":true,"href":"https:\/\/www.actualidadadiario.com\/index.php\/wp-json\/wp\/v2\/users\/3"}],"replies":[{"embeddable":true,"href":"https:\/\/www.actualidadadiario.com\/index.php\/wp-json\/wp\/v2\/comments?post=59255"}],"version-history":[{"count":1,"href":"https:\/\/www.actualidadadiario.com\/index.php\/wp-json\/wp\/v2\/posts\/59255\/revisions"}],"predecessor-version":[{"id":59256,"href":"https:\/\/www.actualidadadiario.com\/index.php\/wp-json\/wp\/v2\/posts\/59255\/revisions\/59256"}],"wp:featuredmedia":[{"embeddable":true,"href":"https:\/\/www.actualidadadiario.com\/index.php\/wp-json\/wp\/v2\/media\/44711"}],"wp:attachment":[{"href":"https:\/\/www.actualidadadiario.com\/index.php\/wp-json\/wp\/v2\/media?parent=59255"}],"wp:term":[{"taxonomy":"category","embeddable":true,"href":"https:\/\/www.actualidadadiario.com\/index.php\/wp-json\/wp\/v2\/categories?post=59255"},{"taxonomy":"post_tag","embeddable":true,"href":"https:\/\/www.actualidadadiario.com\/index.php\/wp-json\/wp\/v2\/tags?post=59255"}],"curies":[{"name":"wp","href":"https:\/\/api.w.org\/{rel}","templated":true}]}}